{"id":2530,"date":"2023-12-18T12:46:33","date_gmt":"2023-12-18T12:46:33","guid":{"rendered":"https:\/\/kelmiskiams.lt\/?p=2530"},"modified":"2023-12-18T12:46:34","modified_gmt":"2023-12-18T12:46:34","slug":"metu-darbas-nugaletoja-kelmes-seniunija","status":"publish","type":"post","link":"https:\/\/kelmiskiams.lt\/?p=2530","title":{"rendered":"\u201eMet\u0173 darbas\u201c nugal\u0117toja \u2013 Kelm\u0117s seni\u016bnija"},"content":{"rendered":"\n<p>Penkios rajono savivaldyb\u0117s seni\u016bnijos \u2013 U\u017even\u010dio, Tytuv\u0117n\u0173, Vaiguvos, Lioli\u0173 ir Kelm\u0117s miesto \u2013 dalyvavo konkurse Kelm\u0117s rajono savivaldyb\u0117s nominacijai \u201eMet\u0173 darbas\u201c laim\u0117ti. Kaip skelbia rajono savivaldyb\u0117s administracija, komisija, per\u017ei\u016br\u0117jusi ir \u012fvertinusi pateiktas rajono seni\u016bnij\u0173 anketas, nugal\u0117toja pripa\u017eino Kelm\u0117s miesto seni\u016bnij\u0105, u\u017e pateikt\u0105 nominacijai met\u0173 darb\u0105 \u201eKelm\u0117s miesto erdvi\u0173 papuo\u0161imas meni\u0161kais ma\u017eosios architekt\u016bros gaminiais\u201c. Konkurso \u201eMet\u0173 darbas\u201c laim\u0117tojai bus skiriama penki\u0173 t\u016bkstan\u010di\u0173 eur\u0173 i\u0161moka.<\/p>\n\n\n\n<p>Nominacija \u201eMet\u0173 darbas\u201c gali b\u016bti skiriama u\u017e reik\u0161ming\u0105, aktyvi\u0105 veikl\u0105 ir laim\u0117jimus, produktyv\u0173 ir k\u016brybing\u0105 darb\u0105, rengiamus ir \u012fgyvendinamus projektus, darbus, id\u0117jas, k\u016brybin\u012f aktyvum\u0105, tradicij\u0173 puosel\u0117jim\u0105, pelnyt\u0105 aplinkini\u0173 pagarb\u0105, siek\u012f padaryti kit\u0173 \u017emoni\u0173 gyvenim\u0105 prasmingesn\u012f ir \u0161viesesn\u012f.<\/p>\n\n\n\n<p class=\"has-text-align-right\">Kelmi\u0161kiams.lt, Kelm\u0117s rajono sav. administracijos nuotr.<\/p>\n","protected":false},"excerpt":{"rendered":"<p>Penkios rajono savivaldyb\u0117s seni\u016bnijos \u2013 U\u017even\u010dio, Tytuv\u0117n\u0173, Vaiguvos, Lioli\u0173 ir Kelm\u0117s miesto \u2013 dalyvavo konkurse Kelm\u0117s rajono savivaldyb\u0117s nominacijai \u201eMet\u0173<\/p>\n","protected":false},"author":2,"featured_media":2531,"comment_status":"open","ping_status":"open","sticky":false,"template":"","format":"standard","meta":{"om_disable_all_campaigns":false,"_mi_skip_tracking":false},"categories":[4],"tags":[],"aioseo_notices":[],"_links":{"self":[{"href":"https:\/\/kelmiskiams.lt\/index.php?rest_route=\/wp\/v2\/posts\/2530"}],"collection":[{"href":"https:\/\/kelmiskiams.lt\/index.php?rest_route=\/wp\/v2\/posts"}],"about":[{"href":"https:\/\/kelmiskiams.lt\/index.php?rest_route=\/wp\/v2\/types\/post"}],"author":[{"embeddable":true,"href":"https:\/\/kelmiskiams.lt\/index.php?rest_route=\/wp\/v2\/users\/2"}],"replies":[{"embeddable":true,"href":"https:\/\/kelmiskiams.lt\/index.php?rest_route=%2Fwp%2Fv2%2Fcomments&post=2530"}],"version-history":[{"count":1,"href":"https:\/\/kelmiskiams.lt\/index.php?rest_route=\/wp\/v2\/posts\/2530\/revisions"}],"predecessor-version":[{"id":2532,"href":"https:\/\/kelmiskiams.lt\/index.php?rest_route=\/wp\/v2\/posts\/2530\/revisions\/2532"}],"wp:featuredmedia":[{"embeddable":true,"href":"https:\/\/kelmiskiams.lt\/index.php?rest_route=\/wp\/v2\/media\/2531"}],"wp:attachment":[{"href":"https:\/\/kelmiskiams.lt\/index.php?rest_route=%2Fwp%2Fv2%2Fmedia&parent=2530"}],"wp:term":[{"taxonomy":"category","embeddable":true,"href":"https:\/\/kelmiskiams.lt\/index.php?rest_route=%2Fwp%2Fv2%2Fcategories&post=2530"},{"taxonomy":"post_tag","embeddable":true,"href":"https:\/\/kelmiskiams.lt\/index.php?rest_route=%2Fwp%2Fv2%2Ftags&post=2530"}],"curies":[{"name":"wp","href":"https:\/\/api.w.org\/{rel}","templated":true}]}}