{"id":2498,"date":"2023-12-12T03:24:00","date_gmt":"2023-12-12T03:24:00","guid":{"rendered":"https:\/\/kelmiskiams.lt\/?p=2498"},"modified":"2023-12-11T09:59:27","modified_gmt":"2023-12-11T09:59:27","slug":"ar-kelmes-gimnazija-tures-skyriu-kraziuose","status":"publish","type":"post","link":"https:\/\/kelmiskiams.lt\/?p=2498","title":{"rendered":"Ar Kelm\u0117s gimnazija tur\u0117s skyri\u0173 Kra\u017eiuose?"},"content":{"rendered":"\n<p>Dar lapkri\u010dio m\u0117nesio prad\u017eioje su savivaldyb\u0117s meru susitik\u0119 \u0160vietimo, kult\u016bros ir teis\u0117tvarkos komiteto nariai aptar\u0117 rajono mokykl\u0173 tinklo situacij\u0105. Tuomet joki\u0173 konkre\u010di\u0173 sprendim\u0173 politikai nepri\u0117m\u0117, ta\u010diau nutar\u0117 aplankyti daugiausiai klausim\u0173 kelian\u010dias mokyklas. Politikai lank\u0117si Elvyravos pagrindin\u0117je mokykloje, su kurios bendruomene sutarta, kad nuo ateinan\u010di\u0173 mokslo met\u0173 mokykla taps Kelm\u0117s \u201eKra\u017eant\u0117s\u201c progimnazijos skyriumi bei U\u017even\u010dio \u0160atrijos Raganos gimnazijos Vaiguvos Vlado \u0160imkaus skyriuje, kurio likimas priklausys nuo ruden\u012f \u012f klases ateisian\u010di\u0173 mokini\u0173 skai\u010diaus.<\/p>\n\n\n\n<p>Kol kas n\u0117ra priimtas sprendimas d\u0117l Pakra\u017ean\u010dio ir Kra\u017ei\u0173 gimnazij\u0173, kuriose situacija n\u0117ra ai\u0161ki d\u0117l kasmet ma\u017e\u0117jan\u010dio mokini\u0173 skai\u010diaus. \u0160ias mokyklas buvo galvojama sujungti \u012f vien\u0105 juridin\u012f vienet\u0105, ta\u010diau pra\u0117jusi\u0105 savait\u0119 pasigirdo nauj\u0173 pasi\u016blym\u0173: Pakra\u017ean\u010dio gimnazijos bendruomen\u0117 nori i\u0161laikyti bent pagrindin\u0117s mokyklos status\u0105, o Kra\u017ei\u0173 mokykla \u2013 vidurin\u012f i\u0161silavinim\u0105 teikian\u010dios mokyklos. Savivaldyb\u0117s atstovai tikina, kad pastarasis variantas yra ne\u012fmanomas, nebent Kra\u017ei\u0173 mokykla tapt\u0173 Kelm\u0117s Jono Grai\u010di\u016bno gimnazijos skyriumi.<\/p>\n\n\n\n<p>Pasak \u0160vietimo, kult\u016bros ir teis\u0117tvarkos komiteto pirmininko Vidimanto Parnarausko, kuris sprendimas bus priimtas, priklausys nuo tolesni\u0173 diskusij\u0173 su mokykl\u0173 bendruomen\u0117mis ir vald\u017eios sprendim\u0173 d\u0117l mokini\u0173 skai\u010diaus klas\u0117se.<\/p>\n\n\n\n<p>\u201eKa\u017ekoks sprendimas vis tiek tur\u0117s b\u016bti priimtas. Dabar laukiame i\u0161 mokykl\u0173 pasi\u016blym\u0173. Berods iki sausio 5 dienos turi pateikti savo pozicijas, \u2013 sak\u0117 rajone \u0161vietimo politik\u0105 formuojantis Tarybos atstovas.<\/p>\n\n\n\n<p>\u201eMinisterijos sprendimai d\u0117l tinklo pertvarkos s\u0105lyg\u0173 kol kas dar n\u0117ra patvirtinti, tod\u0117l galutinius pasi\u016blymus d\u0117l gimnazijos statuso teiksime turint ai\u0161kius pertvarkos kriterijus. Pagal ministerijos dabartinius sprendimus 2024\u20132025 metais t\u0119sime vidurin\u012f ugdym\u0105 4-oje gimnazijos klas\u0117je, tod\u0117l gimnazijos statusas i\u0161lieka. Kadangi optimizavimo procesai yra nei\u0161vengiami ma\u017e\u0117jant mokini\u0173 skai\u010diui, m\u016bs\u0173 pozicija yra i\u0161laikyti juridin\u012f vienet\u0105 su ma\u017eiausiais praradimais\u201c, \u2013 Kelmi\u0161kiams.lt sak\u0117 Kra\u017ei\u0173 \u017dygimanto Liauksmino gimnazijos direktor\u0117 Rita Andrulien\u0117.<\/p>\n\n\n\n<p>Tapatyb\u0117s nenor\u0117jusi atskleisti ir du vaikus \u012f Pakra\u017ean\u010dio gimnazij\u0105 leid\u017eianti moteris portalui sak\u0117, kad bendruomen\u0117 nori i\u0161laikyti mokykl\u0105 Grini\u0173 kaime. \u201eM\u016bs\u0173 kult\u016bros centras taps skyriumi, dabar mokykl\u0105 vald\u017eia siekia panaikinti. Kod\u0117l mus taip skriaud\u017eia?\u201c, \u2013 nuoskaudos nesl\u0117p\u0117 Pakra\u017ean\u010dio seni\u016bnijoje gyvenanti moteris.<\/p>\n\n\n\n<p>U\u017e savaranki\u0161k\u0105 mokykl\u0105 pasisako ir netrukus Kelm\u0117s kult\u016bros centro <a href=\"https:\/\/kelmiskiams.lt\/?p=2143\" title=\"\">skyriumi tapsian\u010dio Pakra\u017ean\u010dio kult\u016bros centro<\/a> rengini\u0173 organizator\u0117, laikinai vykdanti direktoriaus funkcijas R\u016bta Palubeckien\u0117.<\/p>\n\n\n\n<p>\u201eManome, kad mokyklai tapus skyriumi galimas mokini\u0173 jud\u0117jimas \u012f kit\u0173 rajon\u0173 (Raseini\u0173, Taurag\u0117s nes esame rajono pakra\u0161tyje) ar Kelm\u0117s miesto mokyklas. Tai labai nulemt\u0173 m\u016bs\u0173 kult\u016bros centro, Grini\u0173 bibliotekos veikl\u0105: valstybini\u0173 ir kalendorini\u0173 \u0161ven\u010di\u0173 min\u0117jim\u0105, edukacij\u0173, meno kolektyv\u0173 veikl\u0173 vykdym\u0105 bei dalyvavim\u0105 rajoniniuose ir respublikiniuose konkursuose (\u201eTramtatulis\u201c, \u201ePatrepsyn\u0117\u201c, meninio skaitymo ir t.t.)\u201c, \u2013 kalb\u0117jo R. Palubeckien\u0117.<\/p>\n\n\n\n<p>Pakra\u017ean\u010dio gimnazijos direktor\u0117 Raimonda Blu\u017eien\u0117 sak\u0117 priimanti realyb\u0119 toki\u0105, kokia yra, ta\u010diau tiek ji, tiek mokyklos bei seni\u016bnijos gyventoj\u0173 bendruomen\u0117s, pasisako u\u017e savaranki\u0161kos pagrindin\u0117s mokyklos status\u0105.<\/p>\n\n\n\n<p>\u201eKaip beskai\u010diuotume, Kra\u017ei\u0173 gimnazijos skyriumi tapti tikrai n\u0117ra geras sprendimas, nes nepakaks mokini\u0173 sudaryti III\u2013IV gimnazijos klases. Mes norime likti pagrindine mokykla, kaip tai buvo numatyta pirminiame tinklo pertvarkos plane. Paskai\u010diavome, kad ateinan\u010dius kelis metus pas mus mokysis stabilus \u0161imt\u0105 mokini\u0173 vir\u0161ijantis skai\u010dius\u201c, \u2013 teig\u0117 R. Blu\u017eien\u0117.<\/p>\n\n\n\n<p>Pasak direktor\u0117s, 95 procentai mokyklos mokini\u0173 \u012f mokykl\u0105 atva\u017eiuoja i\u0161 aplinkini\u0173 kaim\u0173, nema\u017eai j\u0173 \u2013 gyvenan\u010di\u0173 netoli Taurag\u0117s ar Raseini\u0173 rajon\u0173, tod\u0117l mokyklai tapus skyriumi, i\u0161augt\u0173 rizika, kad \u0161ie mokiniai mokytis vykt\u0173 \u012f kit\u0173 rajon\u0173 mokyklas.<\/p>\n\n\n\n<p><\/p>\n\n\n\n<p class=\"has-text-align-right\">Nerijus \u0160arauskas, Kelmi\u0161kiams.lt, asociatyvi Pexels.com nuotr.<\/p>\n","protected":false},"excerpt":{"rendered":"<p>Dar lapkri\u010dio m\u0117nesio prad\u017eioje su savivaldyb\u0117s meru susitik\u0119 \u0160vietimo, kult\u016bros ir teis\u0117tvarkos komiteto nariai aptar\u0117 rajono mokykl\u0173 tinklo situacij\u0105. Tuomet<\/p>\n","protected":false},"author":2,"featured_media":2266,"comment_status":"open","ping_status":"open","sticky":false,"template":"","format":"standard","meta":{"om_disable_all_campaigns":false,"_mi_skip_tracking":false},"categories":[4],"tags":[15,26,27],"aioseo_notices":[],"_links":{"self":[{"href":"https:\/\/kelmiskiams.lt\/index.php?rest_route=\/wp\/v2\/posts\/2498"}],"collection":[{"href":"https:\/\/kelmiskiams.lt\/index.php?rest_route=\/wp\/v2\/posts"}],"about":[{"href":"https:\/\/kelmiskiams.lt\/index.php?rest_route=\/wp\/v2\/types\/post"}],"author":[{"embeddable":true,"href":"https:\/\/kelmiskiams.lt\/index.php?rest_route=\/wp\/v2\/users\/2"}],"replies":[{"embeddable":true,"href":"https:\/\/kelmiskiams.lt\/index.php?rest_route=%2Fwp%2Fv2%2Fcomments&post=2498"}],"version-history":[{"count":2,"href":"https:\/\/kelmiskiams.lt\/index.php?rest_route=\/wp\/v2\/posts\/2498\/revisions"}],"predecessor-version":[{"id":2501,"href":"https:\/\/kelmiskiams.lt\/index.php?rest_route=\/wp\/v2\/posts\/2498\/revisions\/2501"}],"wp:featuredmedia":[{"embeddable":true,"href":"https:\/\/kelmiskiams.lt\/index.php?rest_route=\/wp\/v2\/media\/2266"}],"wp:attachment":[{"href":"https:\/\/kelmiskiams.lt\/index.php?rest_route=%2Fwp%2Fv2%2Fmedia&parent=2498"}],"wp:term":[{"taxonomy":"category","embeddable":true,"href":"https:\/\/kelmiskiams.lt\/index.php?rest_route=%2Fwp%2Fv2%2Fcategories&post=2498"},{"taxonomy":"post_tag","embeddable":true,"href":"https:\/\/kelmiskiams.lt\/index.php?rest_route=%2Fwp%2Fv2%2Ftags&post=2498"}],"curies":[{"name":"wp","href":"https:\/\/api.w.org\/{rel}","templated":true}]}}