{"id":2442,"date":"2023-11-30T10:21:37","date_gmt":"2023-11-30T10:21:37","guid":{"rendered":"https:\/\/kelmiskiams.lt\/?p=2442"},"modified":"2023-11-30T10:21:57","modified_gmt":"2023-11-30T10:21:57","slug":"miesto-seniunas-bus-koreguojamas-parko-apsvietimo-laikas","status":"publish","type":"post","link":"https:\/\/kelmiskiams.lt\/?p=2442","title":{"rendered":"Miesto seni\u016bnas: bus koreguojamas parko ap\u0161vietimo laikas"},"content":{"rendered":"\n<p>Kelmi\u0161kiams.lt para\u0161iusi skaitytoja Ilona nesl\u0117p\u0117 nuostabos, kad miesto gatv\u0117se neretai nedega ap\u0161vietimo \u017eibintai, o \u201eDraugyst\u0117s\u201c parkas ap\u0161viestas, nors ten \u017emoni\u0173 neb\u016bna daug \u2013 vos vienas kitas \u0161unis ved\u017eiojantis kelmi\u0161kis. Moteris sak\u0117 ma\u010diusi diskusij\u0105 ir socialiniame tinkle, kur \u017emon\u0117s skund\u017eiasi neap\u0161viestomis per\u0117jomis prie mokykl\u0173.<\/p>\n\n\n\n<p>\u201eD\u0117l gatvi\u0173 ap\u0161vietimo tinkl\u0173 gedimo gyventojams patar\u010diau tiesiogiai kreiptis \u012f seni\u016bnij\u0105. Taip bus daug operatyviau, nes dideli gedimai \u0161alinami tuoj pat, tik d\u0117l vieno ar poros ne\u0161vie\u010dian\u010di\u0173 lemp\u0173 reikia kiek palaukti, nes rangovas pri\u017ei\u016bri prakti\u0161kai viso rajono gatvi\u0173 ap\u0161vietimo tinklus ir negali i\u0161kart pa\u0161alinti smulkius gedimus\u201c, \u2013 portalui sak\u0117 Kelm\u0117s miesto seni\u016bnas Romas Atko\u010daitis. Kelmi\u0161kiams.lt seni\u016bnas patikino, kad ,,Draugyst\u0117s&#8221; parke ap\u0161vietimas valdomas atskirai nuo miesto ap\u0161vietimo tinklo, tod\u0117l \u0161iek tiek skiriasi \u012fsijungimo ir i\u0161sijungimo laikas (kaip suveikia automatika).<\/p>\n\n\n\n<p>\u201eNuo gruod\u017eio m\u0117nesio bus koreguojamas parko ap\u0161vietimo laikas \u012f ma\u017eesn\u0119 pus\u0119, nes po 21 val. lankytoj\u0173 jame kaip ir neb\u0117ra\u201c, \u2013 teig\u0117 seni\u016bnas.<\/p>\n\n\n\n<p class=\"has-text-align-right\">Kelmi\u0161kiams.lt, asociatyvi Pexels.com nuotr.<\/p>\n","protected":false},"excerpt":{"rendered":"<p>Kelmi\u0161kiams.lt para\u0161iusi skaitytoja Ilona nesl\u0117p\u0117 nuostabos, kad miesto gatv\u0117se neretai nedega ap\u0161vietimo \u017eibintai, o \u201eDraugyst\u0117s\u201c parkas ap\u0161viestas, nors ten \u017emoni\u0173<\/p>\n","protected":false},"author":2,"featured_media":2443,"comment_status":"open","ping_status":"open","sticky":false,"template":"","format":"standard","meta":{"om_disable_all_campaigns":false,"_mi_skip_tracking":false},"categories":[4],"tags":[],"aioseo_notices":[],"_links":{"self":[{"href":"https:\/\/kelmiskiams.lt\/index.php?rest_route=\/wp\/v2\/posts\/2442"}],"collection":[{"href":"https:\/\/kelmiskiams.lt\/index.php?rest_route=\/wp\/v2\/posts"}],"about":[{"href":"https:\/\/kelmiskiams.lt\/index.php?rest_route=\/wp\/v2\/types\/post"}],"author":[{"embeddable":true,"href":"https:\/\/kelmiskiams.lt\/index.php?rest_route=\/wp\/v2\/users\/2"}],"replies":[{"embeddable":true,"href":"https:\/\/kelmiskiams.lt\/index.php?rest_route=%2Fwp%2Fv2%2Fcomments&post=2442"}],"version-history":[{"count":1,"href":"https:\/\/kelmiskiams.lt\/index.php?rest_route=\/wp\/v2\/posts\/2442\/revisions"}],"predecessor-version":[{"id":2444,"href":"https:\/\/kelmiskiams.lt\/index.php?rest_route=\/wp\/v2\/posts\/2442\/revisions\/2444"}],"wp:featuredmedia":[{"embeddable":true,"href":"https:\/\/kelmiskiams.lt\/index.php?rest_route=\/wp\/v2\/media\/2443"}],"wp:attachment":[{"href":"https:\/\/kelmiskiams.lt\/index.php?rest_route=%2Fwp%2Fv2%2Fmedia&parent=2442"}],"wp:term":[{"taxonomy":"category","embeddable":true,"href":"https:\/\/kelmiskiams.lt\/index.php?rest_route=%2Fwp%2Fv2%2Fcategories&post=2442"},{"taxonomy":"post_tag","embeddable":true,"href":"https:\/\/kelmiskiams.lt\/index.php?rest_route=%2Fwp%2Fv2%2Ftags&post=2442"}],"curies":[{"name":"wp","href":"https:\/\/api.w.org\/{rel}","templated":true}]}}