{"id":241,"date":"2022-10-20T14:54:04","date_gmt":"2022-10-20T14:54:04","guid":{"rendered":"https:\/\/kelmiskiams.lt\/?p=241"},"modified":"2022-10-20T18:10:38","modified_gmt":"2022-10-20T18:10:38","slug":"pilietiskumo-pamoka-kurti-ir-ginti-valstybe","status":"publish","type":"post","link":"https:\/\/kelmiskiams.lt\/?p=241","title":{"rendered":"Pilieti\u0161kumo pamoka \u201eKurti ir ginti valstyb\u0119\u201c"},"content":{"rendered":"\n<p>Seimo pirminink\u0117s pavaduotojo Pauliaus Saudargo ir patar\u0117jos Lauros Gradeckien\u0117s vizitas Kelm\u0117s rajone prasid\u0117jo Tytuv\u0117n\u0173 gimnazijoje pilieti\u0161kumo pamoka\u00a0\u201eKurti ir ginti valstyb\u0119\u201c. V\u0117liau \u0161i paskaita vyko Kelm\u0117s Jono Grai\u010di\u016bno gimnazijos mokiniams. <\/p>\n\n\n\n<p>P. Saudargas Kelm\u0117s rajone praleido vis\u0105 dien\u0105: lank\u0117si ne tik gimnazijose, bet it ir Kelm\u0117s, U\u017even\u010dio ir Kra\u017ei\u0173 bibliotekose.<\/p>\n\n\n\n<p>Seimo vicepirmininkas Paulius Saudargas, b\u016bdamas \u0160auli\u0173 s\u0105jungos nariu, papasakojo, k\u0105 gali kiekvienas savanoris padaryti savo \u0161alies gynyboje. Pandemija, migrant\u0173 kriz\u0117 parod\u0117, kad \u0161auliai s\u0117kmingai veikia kur kas pla\u010diau nei tik sukarinta organizacija.<br><br><\/p>\n\n\n\n<p>Reginos Kara\u0161auskyt\u0117s nuotr.<\/p>\n\n\n<figure class=\"wp-block-post-featured-image\"><img width=\"2560\" height=\"1182\" src=\"https:\/\/kelmiskiams.lt\/wp-content\/uploads\/2022\/10\/saudar-scaled.jpg\" class=\"attachment-post-thumbnail size-post-thumbnail wp-post-image\" alt=\"\" decoding=\"async\" loading=\"lazy\" srcset=\"https:\/\/kelmiskiams.lt\/wp-content\/uploads\/2022\/10\/saudar-scaled.jpg 2560w, https:\/\/kelmiskiams.lt\/wp-content\/uploads\/2022\/10\/saudar-300x139.jpg 300w, https:\/\/kelmiskiams.lt\/wp-content\/uploads\/2022\/10\/saudar-1024x473.jpg 1024w, https:\/\/kelmiskiams.lt\/wp-content\/uploads\/2022\/10\/saudar-768x355.jpg 768w, https:\/\/kelmiskiams.lt\/wp-content\/uploads\/2022\/10\/saudar-1536x709.jpg 1536w, https:\/\/kelmiskiams.lt\/wp-content\/uploads\/2022\/10\/saudar-2048x946.jpg 2048w\" sizes=\"(max-width: 2560px) 100vw, 2560px\" \/><\/figure>\n\n\n<figure class=\"is-layout-flex wp-block-gallery-1 wp-block-gallery has-nested-images columns-default is-cropped\">\n<figure class=\"wp-block-image size-large\"><img decoding=\"async\" loading=\"lazy\" width=\"789\" height=\"1024\" data-id=\"248\"  src=\"https:\/\/kelmiskiams.lt\/wp-content\/uploads\/2022\/10\/E50EB602-007E-4844-A9D8-C14871BC616C-789x1024.jpeg\" alt=\"\" class=\"wp-image-248\" srcset=\"https:\/\/kelmiskiams.lt\/wp-content\/uploads\/2022\/10\/E50EB602-007E-4844-A9D8-C14871BC616C-789x1024.jpeg 789w, https:\/\/kelmiskiams.lt\/wp-content\/uploads\/2022\/10\/E50EB602-007E-4844-A9D8-C14871BC616C-231x300.jpeg 231w, https:\/\/kelmiskiams.lt\/wp-content\/uploads\/2022\/10\/E50EB602-007E-4844-A9D8-C14871BC616C-768x997.jpeg 768w, https:\/\/kelmiskiams.lt\/wp-content\/uploads\/2022\/10\/E50EB602-007E-4844-A9D8-C14871BC616C.jpeg 1159w\" sizes=\"(max-width: 789px) 100vw, 789px\" \/><\/figure>\n<\/figure>\n","protected":false},"excerpt":{"rendered":"<p>Seimo pirminink\u0117s pavaduotojo Pauliaus Saudargo ir patar\u0117jos Lauros Gradeckien\u0117s vizitas Kelm\u0117s rajone prasid\u0117jo Tytuv\u0117n\u0173 gimnazijoje pilieti\u0161kumo pamoka\u00a0\u201eKurti ir ginti valstyb\u0119\u201c.<\/p>\n","protected":false},"author":2,"featured_media":242,"comment_status":"open","ping_status":"open","sticky":false,"template":"","format":"standard","meta":{"om_disable_all_campaigns":false,"_mi_skip_tracking":false},"categories":[8],"tags":[],"aioseo_notices":[],"_links":{"self":[{"href":"https:\/\/kelmiskiams.lt\/index.php?rest_route=\/wp\/v2\/posts\/241"}],"collection":[{"href":"https:\/\/kelmiskiams.lt\/index.php?rest_route=\/wp\/v2\/posts"}],"about":[{"href":"https:\/\/kelmiskiams.lt\/index.php?rest_route=\/wp\/v2\/types\/post"}],"author":[{"embeddable":true,"href":"https:\/\/kelmiskiams.lt\/index.php?rest_route=\/wp\/v2\/users\/2"}],"replies":[{"embeddable":true,"href":"https:\/\/kelmiskiams.lt\/index.php?rest_route=%2Fwp%2Fv2%2Fcomments&post=241"}],"version-history":[{"count":3,"href":"https:\/\/kelmiskiams.lt\/index.php?rest_route=\/wp\/v2\/posts\/241\/revisions"}],"predecessor-version":[{"id":251,"href":"https:\/\/kelmiskiams.lt\/index.php?rest_route=\/wp\/v2\/posts\/241\/revisions\/251"}],"wp:featuredmedia":[{"embeddable":true,"href":"https:\/\/kelmiskiams.lt\/index.php?rest_route=\/wp\/v2\/media\/242"}],"wp:attachment":[{"href":"https:\/\/kelmiskiams.lt\/index.php?rest_route=%2Fwp%2Fv2%2Fmedia&parent=241"}],"wp:term":[{"taxonomy":"category","embeddable":true,"href":"https:\/\/kelmiskiams.lt\/index.php?rest_route=%2Fwp%2Fv2%2Fcategories&post=241"},{"taxonomy":"post_tag","embeddable":true,"href":"https:\/\/kelmiskiams.lt\/index.php?rest_route=%2Fwp%2Fv2%2Ftags&post=241"}],"curies":[{"name":"wp","href":"https:\/\/api.w.org\/{rel}","templated":true}]}}