{"id":2405,"date":"2023-11-20T07:29:39","date_gmt":"2023-11-20T07:29:39","guid":{"rendered":"https:\/\/kelmiskiams.lt\/?p=2405"},"modified":"2023-11-20T12:17:51","modified_gmt":"2023-11-20T12:17:51","slug":"teatro-vadove-tapo-kulturos-centro-rezisiere","status":"publish","type":"post","link":"https:\/\/kelmiskiams.lt\/?p=2405","title":{"rendered":"Teatro vadove tapo Kult\u016bros centro re\u017eisier\u0117"},"content":{"rendered":"\n<p>Pra\u0117jusi\u0105 savait\u0119 vykus\u012f konkurs\u0105 Kelm\u0117s ma\u017eojo teatro direktoriaus pareigoms u\u017eimti laim\u0117jo Kelm\u0117s kult\u016bros centro re\u017eisier\u0117 Sandra Zakarien\u0117. Konkursas vyko antr\u0105 kart\u0105, nes vasaros pabaigoje skelbt\u0105 konkurs\u0105 laim\u0117jusi moteris atsisak\u0117 eiti pareigas, tod\u0117l Savivaldyb\u0117s administracijai teko i\u0161 naujo skelbti konkurs\u0105 ir ie\u0161koti, kas vadovaus Kelm\u0117s teatrui. Nuo rugs\u0117jo pabaigos teatrui laikinai vadovavo Kra\u017ei\u0173 M.K. Sarbievijaus kult\u016bros centro vadov\u0117 Lina Mikalaj\u016bnait\u0117. Naujoji direktor\u0117 pareigas ketina prad\u0117ti eiti artimiausiu metu.<\/p>\n\n\n\n<p>Naujas konkursas buvo skelbiamas pasibaigus ilgame\u010dio teatro vadovo Algimanto Armono kadencijai. <\/p>\n\n\n\n<p class=\"has-text-align-right\">Kelmi\u0161kiams.lt<\/p>\n\n\n\n<p><\/p>\n\n\n\n<p><\/p>\n\n\n\n<p><\/p>\n","protected":false},"excerpt":{"rendered":"<p>Pra\u0117jusi\u0105 savait\u0119 vykus\u012f konkurs\u0105 Kelm\u0117s ma\u017eojo teatro direktoriaus pareigoms u\u017eimti laim\u0117jo Kelm\u0117s kult\u016bros centro re\u017eisier\u0117 Sandra Zakarien\u0117. Konkursas vyko antr\u0105<\/p>\n","protected":false},"author":2,"featured_media":2242,"comment_status":"open","ping_status":"open","sticky":false,"template":"","format":"standard","meta":{"om_disable_all_campaigns":false,"_mi_skip_tracking":false},"categories":[4],"tags":[],"aioseo_notices":[],"_links":{"self":[{"href":"https:\/\/kelmiskiams.lt\/index.php?rest_route=\/wp\/v2\/posts\/2405"}],"collection":[{"href":"https:\/\/kelmiskiams.lt\/index.php?rest_route=\/wp\/v2\/posts"}],"about":[{"href":"https:\/\/kelmiskiams.lt\/index.php?rest_route=\/wp\/v2\/types\/post"}],"author":[{"embeddable":true,"href":"https:\/\/kelmiskiams.lt\/index.php?rest_route=\/wp\/v2\/users\/2"}],"replies":[{"embeddable":true,"href":"https:\/\/kelmiskiams.lt\/index.php?rest_route=%2Fwp%2Fv2%2Fcomments&post=2405"}],"version-history":[{"count":2,"href":"https:\/\/kelmiskiams.lt\/index.php?rest_route=\/wp\/v2\/posts\/2405\/revisions"}],"predecessor-version":[{"id":2409,"href":"https:\/\/kelmiskiams.lt\/index.php?rest_route=\/wp\/v2\/posts\/2405\/revisions\/2409"}],"wp:featuredmedia":[{"embeddable":true,"href":"https:\/\/kelmiskiams.lt\/index.php?rest_route=\/wp\/v2\/media\/2242"}],"wp:attachment":[{"href":"https:\/\/kelmiskiams.lt\/index.php?rest_route=%2Fwp%2Fv2%2Fmedia&parent=2405"}],"wp:term":[{"taxonomy":"category","embeddable":true,"href":"https:\/\/kelmiskiams.lt\/index.php?rest_route=%2Fwp%2Fv2%2Fcategories&post=2405"},{"taxonomy":"post_tag","embeddable":true,"href":"https:\/\/kelmiskiams.lt\/index.php?rest_route=%2Fwp%2Fv2%2Ftags&post=2405"}],"curies":[{"name":"wp","href":"https:\/\/api.w.org\/{rel}","templated":true}]}}