{"id":2396,"date":"2023-11-10T07:28:58","date_gmt":"2023-11-10T07:28:58","guid":{"rendered":"https:\/\/kelmiskiams.lt\/?p=2396"},"modified":"2023-11-10T07:28:59","modified_gmt":"2023-11-10T07:28:59","slug":"etikos-komisija-del-mero-elgesio-kreipiasi-i-vtek","status":"publish","type":"post","link":"https:\/\/kelmiskiams.lt\/?p=2396","title":{"rendered":"Etikos komisija d\u0117l mero elgesio kreipiasi \u012f VTEK"},"content":{"rendered":"\n<p>\u0160i\u0105 savait\u0119 surinkusi Rajono tarybos etikos komisija nusprend\u0117 neprad\u0117ti tyrimo d\u0117l savivaldyb\u0117s mero Ildefonso Petkevi\u010diaus veiksm\u0173 spalio 24 dienos Kontrol\u0117s komiteto pos\u0117dyje bei spalio 26 d. vykusiame Rajono tarybos pos\u0117dyje, ta\u010diau nutar\u0117 kreiptis \u012f Vyriausi\u0105j\u0105 tarnybin\u0117s etikos komisij\u0105 su paklausimu.<\/p>\n\n\n\n<p>Pasak Etikos komisijos pirmininko Tautvilo Putvio, komisija neprad\u0117jo tyrimo, ta\u010diau nusprend\u0117 kreiptis \u012f Vyriausi\u0105j\u0105 tarnybin\u0117s etikos komisij\u0105 su paklausimu, ar savivaldyb\u0117s meras, tur\u0117damas teisin\u012f gin\u010d\u0105 su Savivaldyb\u0117s kontroliere ir netur\u0117damas balso teis\u0117s, ta\u010diau ved\u0119s pos\u0117d\u012f, nesumai\u0161\u0117 vie\u0161\u0173j\u0173 ir priva\u010di\u0173 interes\u0173 bei nepa\u017eeid\u0117 etikos.<\/p>\n\n\n\n<p>Etikos komisija pos\u0117dyje taip pat \u012fvertino Tarybos nario ir merui nesant jo pareigas vykdan\u010dio Alberto Brazo veiksmus spalio m\u0117nesio Tarybos pos\u0117dyje. Jo metu A. Brazas balsavo u\u017e specialiosios komisijos sudarym\u0105 tirti Savivaldyb\u0117s kontrolier\u0117s skunde minimas aplinkybes. Rajono tarybos etikos sargai nusprend\u0117 neprad\u0117ti tyrimo d\u0117l A. Brazo veiksm\u0173, nes politikas nesumai\u0161\u0117 vie\u0161\u0173j\u0173 ir priva\u010di\u0173 interes\u0173 bei nepa\u017eeid\u0117 etikos, kadangi balsavo u\u017e komisijos sudarym\u0105, t. y., sutiko, kad skunde minimos aplinkyb\u0117s ir veiksmai b\u016bt\u0173 \u012fvertinti specialiojoje komisijoje.<\/p>\n\n\n\n<p class=\"has-text-align-right\">Kelmi\u0161kiams.lt<\/p>\n","protected":false},"excerpt":{"rendered":"<p>\u0160i\u0105 savait\u0119 surinkusi Rajono tarybos etikos komisija nusprend\u0117 neprad\u0117ti tyrimo d\u0117l savivaldyb\u0117s mero Ildefonso Petkevi\u010diaus veiksm\u0173 spalio 24 dienos Kontrol\u0117s<\/p>\n","protected":false},"author":2,"featured_media":2002,"comment_status":"open","ping_status":"open","sticky":false,"template":"","format":"standard","meta":{"om_disable_all_campaigns":false,"_mi_skip_tracking":false},"categories":[4],"tags":[],"aioseo_notices":[],"_links":{"self":[{"href":"https:\/\/kelmiskiams.lt\/index.php?rest_route=\/wp\/v2\/posts\/2396"}],"collection":[{"href":"https:\/\/kelmiskiams.lt\/index.php?rest_route=\/wp\/v2\/posts"}],"about":[{"href":"https:\/\/kelmiskiams.lt\/index.php?rest_route=\/wp\/v2\/types\/post"}],"author":[{"embeddable":true,"href":"https:\/\/kelmiskiams.lt\/index.php?rest_route=\/wp\/v2\/users\/2"}],"replies":[{"embeddable":true,"href":"https:\/\/kelmiskiams.lt\/index.php?rest_route=%2Fwp%2Fv2%2Fcomments&post=2396"}],"version-history":[{"count":1,"href":"https:\/\/kelmiskiams.lt\/index.php?rest_route=\/wp\/v2\/posts\/2396\/revisions"}],"predecessor-version":[{"id":2397,"href":"https:\/\/kelmiskiams.lt\/index.php?rest_route=\/wp\/v2\/posts\/2396\/revisions\/2397"}],"wp:featuredmedia":[{"embeddable":true,"href":"https:\/\/kelmiskiams.lt\/index.php?rest_route=\/wp\/v2\/media\/2002"}],"wp:attachment":[{"href":"https:\/\/kelmiskiams.lt\/index.php?rest_route=%2Fwp%2Fv2%2Fmedia&parent=2396"}],"wp:term":[{"taxonomy":"category","embeddable":true,"href":"https:\/\/kelmiskiams.lt\/index.php?rest_route=%2Fwp%2Fv2%2Fcategories&post=2396"},{"taxonomy":"post_tag","embeddable":true,"href":"https:\/\/kelmiskiams.lt\/index.php?rest_route=%2Fwp%2Fv2%2Ftags&post=2396"}],"curies":[{"name":"wp","href":"https:\/\/api.w.org\/{rel}","templated":true}]}}