{"id":2381,"date":"2023-11-08T12:14:20","date_gmt":"2023-11-08T12:14:20","guid":{"rendered":"https:\/\/kelmiskiams.lt\/?p=2381"},"modified":"2023-11-08T12:14:21","modified_gmt":"2023-11-08T12:14:21","slug":"vyko-konferencija-apie-jauno-zmogaus-siuolaikinius-psichosocialinius-issukius","status":"publish","type":"post","link":"https:\/\/kelmiskiams.lt\/?p=2381","title":{"rendered":"Vyko konferencija apie jauno \u017emogaus \u0161iuolaikinius psichosocialinius i\u0161\u0161\u016bkius"},"content":{"rendered":"\n<p>Kelm\u0117s rajono savivaldyb\u0117s narkotik\u0173, alkoholio ir tabako kontrol\u0117s komisija, kartu su Kelm\u0117s rajono savivaldyb\u0117s visuomen\u0117s sveikatos biuru ir Kelm\u0117s \u0161vietimo pagalbos tarnyba \u0161i\u0105 savait\u0119 sureng\u0117 mokslin\u0119 \u2013 praktin\u0119 konferencij\u0105 \u201eJauno \u017emogaus \u0161iuolaikiniai psichosocialiniai i\u0161\u0161\u016bkiai\u201c. Pasak Kelm\u0117s rajono savivaldyb\u0117s administracijos tarpinstitucinio bendradarbiavimo koordinator\u0117s Virginijos \u010cerkauskien\u0117s, konferencijoje dalyvavo Kelm\u0117s rajono mokykl\u0173 direktoriai, ugdymo \u012fstaig\u0173 vaiko gerov\u0117s komisij\u0173 pirmininkai, socialiniai pedagogai, klasi\u0173 aukl\u0117tojai, socialiniai darbuotojai, atvejo vadybininkai, atviro jaunimo centro darbuotojai, vaik\u0173 dienos centr\u0173 darbuotojai ir kiti specialistai, dirbantys su vaikais ir j\u0173 t\u0117vais (glob\u0117jais, r\u016bpintojais), \u00a0bei tarpinstitucinio bendradarbiavimo koordinatoriai i\u0161 \u0160iauli\u0173 miesto, K\u0117daini\u0173, Jonavos, Pakruojo rajon\u0173 savivaldybi\u0173.<\/p>\n\n\n\n<p>Prane\u0161im\u0105 apie Psichotropini\u0173 med\u017eiag\u0173 prevencij\u0105 mokyklose ir Vidaus reikal\u0173 ministerijos planus skait\u0117 Tel\u0161i\u0173 apskrities vyriausiojo policijos komisariato Kelm\u0117s rajono policijos komisariato Veiklos skyriaus vir\u0161inink\u0117 ir Vidaus reikal\u0173 ministerijos patar\u0117ja Danut\u0117 Jakubkien\u0117, prane\u0161imus \u201eJauno \u017emogaus 2003 metais \u2013 paauglyst\u0117s am\u017eiaus tarpsnio psichologija ir sociologija\u201c bei \u201eAlgoritmai darbe su jaunimu \u2013 kaip atpa\u017einti sunkumus su kuriais susiduria jaunuoliai ir kaip pad\u0117ti jaunuoliams kuriant stipr\u0173 tarpasmenin\u012f ry\u0161\u012f\u201c skait\u0117 Nerijus Miginis, edukologas, darbo su jaunimu ir jaunimo politikos srities mokym\u0173 vadovas, o psicholog\u0117 Valija \u0160ap skait\u0117 prane\u0161im\u0105 \u201ePagalba vaikui ir jo \u0161eimai: nuo kontakto u\u017emezgimo iki efektyvios pagalbos\u201c.<\/p>\n\n\n\n<p>Konferencij\u0105 moderavo Kelm\u0117s rajono savivaldyb\u0117s vicemeras ir Narkotik\u0173 alkoholio ir tabako kontrol\u0117s komisijos pirmininkas K\u0119stutis Bilius bei Kelm\u0117s rajono savivaldyb\u0117s visuomen\u0117s sveikatos biuro direktor\u0117 Lina Nekra\u0161\u0117.<\/p>\n\n\n\n<p class=\"has-text-align-right\">Kelmi\u0161kiams.lt, Kelm\u0117s r. sav. administracijos nuotr.<\/p>\n","protected":false},"excerpt":{"rendered":"<p>Kelm\u0117s rajono savivaldyb\u0117s narkotik\u0173, alkoholio ir tabako kontrol\u0117s komisija, kartu su Kelm\u0117s rajono savivaldyb\u0117s visuomen\u0117s sveikatos biuru ir Kelm\u0117s \u0161vietimo<\/p>\n","protected":false},"author":2,"featured_media":2382,"comment_status":"open","ping_status":"open","sticky":false,"template":"","format":"standard","meta":{"om_disable_all_campaigns":false,"_mi_skip_tracking":false},"categories":[8],"tags":[],"aioseo_notices":[],"_links":{"self":[{"href":"https:\/\/kelmiskiams.lt\/index.php?rest_route=\/wp\/v2\/posts\/2381"}],"collection":[{"href":"https:\/\/kelmiskiams.lt\/index.php?rest_route=\/wp\/v2\/posts"}],"about":[{"href":"https:\/\/kelmiskiams.lt\/index.php?rest_route=\/wp\/v2\/types\/post"}],"author":[{"embeddable":true,"href":"https:\/\/kelmiskiams.lt\/index.php?rest_route=\/wp\/v2\/users\/2"}],"replies":[{"embeddable":true,"href":"https:\/\/kelmiskiams.lt\/index.php?rest_route=%2Fwp%2Fv2%2Fcomments&post=2381"}],"version-history":[{"count":1,"href":"https:\/\/kelmiskiams.lt\/index.php?rest_route=\/wp\/v2\/posts\/2381\/revisions"}],"predecessor-version":[{"id":2383,"href":"https:\/\/kelmiskiams.lt\/index.php?rest_route=\/wp\/v2\/posts\/2381\/revisions\/2383"}],"wp:featuredmedia":[{"embeddable":true,"href":"https:\/\/kelmiskiams.lt\/index.php?rest_route=\/wp\/v2\/media\/2382"}],"wp:attachment":[{"href":"https:\/\/kelmiskiams.lt\/index.php?rest_route=%2Fwp%2Fv2%2Fmedia&parent=2381"}],"wp:term":[{"taxonomy":"category","embeddable":true,"href":"https:\/\/kelmiskiams.lt\/index.php?rest_route=%2Fwp%2Fv2%2Fcategories&post=2381"},{"taxonomy":"post_tag","embeddable":true,"href":"https:\/\/kelmiskiams.lt\/index.php?rest_route=%2Fwp%2Fv2%2Ftags&post=2381"}],"curies":[{"name":"wp","href":"https:\/\/api.w.org\/{rel}","templated":true}]}}