{"id":2332,"date":"2023-10-24T07:22:12","date_gmt":"2023-10-24T07:22:12","guid":{"rendered":"https:\/\/kelmiskiams.lt\/?p=2332"},"modified":"2023-10-24T07:22:27","modified_gmt":"2023-10-24T07:22:27","slug":"naujas-gaisrinis-automobilis-kelmeje","status":"publish","type":"post","link":"https:\/\/kelmiskiams.lt\/?p=2332","title":{"rendered":"Naujas gaisrinis automobilis Kelm\u0117je"},"content":{"rendered":"\n<p>Kelm\u0117s prie\u0161gaisrinei gelb\u0117jimo tarnybai perduotas sunkusis gaisrinis automobilis. &nbsp;i\u0161 sunki\u0173j\u0173 gaisrini\u0173 automobili\u0173. Gaisrinio automobilio pristatyme dalyvavo \u0160iauli\u0173 prie\u0161gaisrin\u0117s gelb\u0117jimo valdybos vir\u0161ininko pavaduotojas Gra\u017evidas Butkus, \u0160iauli\u0173 prie\u0161gaisrin\u0117s gelb\u0117jimo valdybos kapelionas Donatas Klima\u0161auskas, Kelm\u0117s rajono meras Ildefonsas Petkevi\u010dius, Kelm\u0117s rajono savivaldyb\u0117s administracijos direktor\u0117 bei Kelm\u0117s rajono policijos komisariato.<\/p>\n\n\n\n<p>Kaip prane\u0161a Kelm\u0117s rajono savivaldyb\u0117s administracija, Kelm\u0117s prie\u0161gaisrin\u0117s gelb\u0117jimo tarnybos gautas gaisrinis automobilis yra \u0161iuolaiki\u0161kas ir modernus, turi automatin\u0119 grei\u010di\u0173 d\u0117\u017e\u0119 ir <em>Scania<\/em> bazinio modelio va\u017eiuokl\u0119. Automobilio autocisternos konstrukcija u\u017etikrina greit\u0105 cisternos u\u017epildym\u0105 vandeniu, vandens padavim\u0105 i\u0161 cisternos per \u017earnas ir \u0161virk\u0161tus, vandens pa\u0117mim\u0105 i\u0161 vandens telkini\u0173, gaisrinio hidranto ir vandens padavim\u0105 per \u017earnas ir \u0161virk\u0161tus bei gaisr\u0173 gesinimo ir gelb\u0117jimo \u012frangos i\u0161d\u0117stym\u0105.<\/p>\n\n\n\n<p>\u0160iais metais Valstybin\u0117s prie\u0161gaisrin\u0117s gelb\u0117jimo tarnybos ugniagesius pasiek\u0117 istori\u0161kai did\u017eiausias kiekis nauj\u0173 gaisrini\u0173 automobili\u0173. Ugniagesiai, vykdydami projekt\u0105 \u201ePrisitaikymo prie klimato kaitos gerinimas, stiprinant valstybin\u0117s prie\u0161gaisrin\u0117s gelb\u0117jimo tarnybos reagavimo paj\u0117gumus\u201c, i\u0161 Europos S\u0105jungos strukt\u016brini\u0173 fond\u0173 l\u0117\u0161\u0173 \u012fsigijo 58 vidutin\u0117s klas\u0117s (3 t vandens) autocisternas ir 15 sunki\u0173j\u0173 klas\u0117s (6 t vandens) autocisternas.<\/p>\n\n\n\n<p class=\"has-text-align-right\">Kelmi\u0161kiams.lt, Kelm\u0117s r. sav. administracijos nuotr.<\/p>\n\n\n<figure class=\"wp-block-post-featured-image\"><img width=\"1036\" height=\"683\" src=\"https:\/\/kelmiskiams.lt\/wp-content\/uploads\/2023\/10\/1-9-1536x1153-1-e1698132073645.jpg\" class=\"attachment-post-thumbnail size-post-thumbnail wp-post-image\" alt=\"\" decoding=\"async\" loading=\"lazy\" srcset=\"https:\/\/kelmiskiams.lt\/wp-content\/uploads\/2023\/10\/1-9-1536x1153-1-e1698132073645.jpg 1036w, https:\/\/kelmiskiams.lt\/wp-content\/uploads\/2023\/10\/1-9-1536x1153-1-e1698132073645-300x198.jpg 300w, https:\/\/kelmiskiams.lt\/wp-content\/uploads\/2023\/10\/1-9-1536x1153-1-e1698132073645-1024x675.jpg 1024w, https:\/\/kelmiskiams.lt\/wp-content\/uploads\/2023\/10\/1-9-1536x1153-1-e1698132073645-768x506.jpg 768w\" sizes=\"(max-width: 1036px) 100vw, 1036px\" \/><\/figure>","protected":false},"excerpt":{"rendered":"<p>Kelm\u0117s prie\u0161gaisrinei gelb\u0117jimo tarnybai perduotas sunkusis gaisrinis automobilis. &nbsp;i\u0161 sunki\u0173j\u0173 gaisrini\u0173 automobili\u0173. Gaisrinio automobilio pristatyme dalyvavo \u0160iauli\u0173 prie\u0161gaisrin\u0117s gelb\u0117jimo valdybos<\/p>\n","protected":false},"author":2,"featured_media":2333,"comment_status":"open","ping_status":"open","sticky":false,"template":"","format":"standard","meta":{"om_disable_all_campaigns":false,"_mi_skip_tracking":false},"categories":[4],"tags":[],"aioseo_notices":[],"_links":{"self":[{"href":"https:\/\/kelmiskiams.lt\/index.php?rest_route=\/wp\/v2\/posts\/2332"}],"collection":[{"href":"https:\/\/kelmiskiams.lt\/index.php?rest_route=\/wp\/v2\/posts"}],"about":[{"href":"https:\/\/kelmiskiams.lt\/index.php?rest_route=\/wp\/v2\/types\/post"}],"author":[{"embeddable":true,"href":"https:\/\/kelmiskiams.lt\/index.php?rest_route=\/wp\/v2\/users\/2"}],"replies":[{"embeddable":true,"href":"https:\/\/kelmiskiams.lt\/index.php?rest_route=%2Fwp%2Fv2%2Fcomments&post=2332"}],"version-history":[{"count":1,"href":"https:\/\/kelmiskiams.lt\/index.php?rest_route=\/wp\/v2\/posts\/2332\/revisions"}],"predecessor-version":[{"id":2334,"href":"https:\/\/kelmiskiams.lt\/index.php?rest_route=\/wp\/v2\/posts\/2332\/revisions\/2334"}],"wp:featuredmedia":[{"embeddable":true,"href":"https:\/\/kelmiskiams.lt\/index.php?rest_route=\/wp\/v2\/media\/2333"}],"wp:attachment":[{"href":"https:\/\/kelmiskiams.lt\/index.php?rest_route=%2Fwp%2Fv2%2Fmedia&parent=2332"}],"wp:term":[{"taxonomy":"category","embeddable":true,"href":"https:\/\/kelmiskiams.lt\/index.php?rest_route=%2Fwp%2Fv2%2Fcategories&post=2332"},{"taxonomy":"post_tag","embeddable":true,"href":"https:\/\/kelmiskiams.lt\/index.php?rest_route=%2Fwp%2Fv2%2Ftags&post=2332"}],"curies":[{"name":"wp","href":"https:\/\/api.w.org\/{rel}","templated":true}]}}