{"id":2312,"date":"2023-10-20T07:19:09","date_gmt":"2023-10-20T07:19:09","guid":{"rendered":"https:\/\/kelmiskiams.lt\/?p=2312"},"modified":"2023-10-20T07:19:19","modified_gmt":"2023-10-20T07:19:19","slug":"kelmiskis-verslininkas-ar-griztame-i-senus-laikus-ar-nuotekas-tvarkome-centralizuotai","status":"publish","type":"post","link":"https:\/\/kelmiskiams.lt\/?p=2312","title":{"rendered":"Kelmi\u0161kis verslininkas: \u201eAr gr\u012f\u017etame \u012f senus laikus, ar nuotekas tvarkome centralizuotai?\u201c"},"content":{"rendered":"\n<p>Penktadien\u012f Savivaldyb\u0117s \u00a0tarybos Investicij\u0173, \u016bkio ir kaimo reikal\u0173 komiteto pos\u0117dyje apsilank\u0119s vienos Kelm\u0117je veikian\u010dios \u012fmon\u0117s direktorius nuog\u0105stavo, kad jo sklype i\u0161 valymo \u012frengini\u0173 i\u0161tekantis vanduo teka grunto pavir\u0161iumi, nes sklype gruntas sm\u0117l\u0117tas ir vandens nesugeria.\u00a0 Verslininkas prisimin\u0117, kad dar vykstant statyboms lank\u0117si UAB \u201eKelm\u0117s vanduo\u201c darbuotojai, kurie \u017ei\u016br\u0117jo, kur gali b\u016bti surenkamos i\u0161valytos nuotekos.<\/p>\n\n\n\n<p>&nbsp;\u201eGalvojo, kad yra nuotek\u0173 \u0161ulinys, o ten buvo ry\u0161i\u0173 \u0161ulinys\u201c, \u2013 pasakojo komiteto pos\u0117d\u017eio sve\u010dias.<\/p>\n\n\n\n<p>Pos\u0117dyje dalyvav\u0119s savivaldyb\u0117s meras Ildefonsas Petkevi\u010dius pripa\u017eino, tai yra problema, o jai i\u0161spr\u0119sti yra reikalinga 100 t\u016bkstan\u010di\u0173 eur\u0173. Pasak mero, projektas nuotek\u0173 sutvarkymui yra parengtas, o jo \u012fgyvendinimui reikiamos sumos biud\u017eete n\u0117ra. Taip pat neb\u0117ra galimyb\u0117s \u012fgyvendinti \u0161io projekto ES fond\u0173 priemon\u0117mis.<\/p>\n\n\n\n<p>Verslininkas komiteto nariams primin\u0117, kad tai \u2013 reprezentacin\u0117 vieta, o t\u016bkstan\u010di\u0173 eur\u0173 jis neturi.<\/p>\n\n\n\n<p>I\u0161kilus klausimui, kaip nuotekas \u0161alina kaimynyst\u0117je gyvenantys \u017emon\u0117s, komiteto nar\u0117 Lina Samulyt\u0117 \u012fvardino techninio projekto situacij\u0105: dalis greta gyvenan\u010di\u0173 asmen\u0173 i\u0161valytas nuotekas \u0161alina \u012f&nbsp; grunt\u0105, kiti naudoja vietini\u0173 nuotek\u0173 rezervuarus, o dar kiti gyventojai neturi joki\u0173 nuotek\u0173 sistem\u0173.<\/p>\n\n\n\n<p>Savivaldyb\u0117s meras patikino, kad \u0161is klausimas tikrai nebus i\u0161spr\u0119stas \u0161iais metais, ta\u010diau alternatyv\u0173 ie\u0161koti galima. Meras pa\u017ead\u0117jo \u012f viet\u0105 kviesti specialistus ir toliau ai\u0161kintis situacij\u0105.<\/p>\n\n\n\n<p>\u201eMane gali bausti, bet neturiu kur pad\u0117ti vandens. Arba turiu i\u0161sikraustyt\u201c, \u2013 palikdamas trib\u016bn\u0105 sak\u0117 verslininkas.<\/p>\n\n\n\n<p class=\"has-text-align-right\">Kelmi\u0161kiams.lt, asociatyvi Pexels.com nuotr.<\/p>\n","protected":false},"excerpt":{"rendered":"<p>Penktadien\u012f Savivaldyb\u0117s \u00a0tarybos Investicij\u0173, \u016bkio ir kaimo reikal\u0173 komiteto pos\u0117dyje apsilank\u0119s vienos Kelm\u0117je veikian\u010dios \u012fmon\u0117s direktorius nuog\u0105stavo, kad jo sklype<\/p>\n","protected":false},"author":2,"featured_media":2313,"comment_status":"open","ping_status":"open","sticky":false,"template":"","format":"standard","meta":{"om_disable_all_campaigns":false,"_mi_skip_tracking":false},"categories":[4],"tags":[],"aioseo_notices":[],"_links":{"self":[{"href":"https:\/\/kelmiskiams.lt\/index.php?rest_route=\/wp\/v2\/posts\/2312"}],"collection":[{"href":"https:\/\/kelmiskiams.lt\/index.php?rest_route=\/wp\/v2\/posts"}],"about":[{"href":"https:\/\/kelmiskiams.lt\/index.php?rest_route=\/wp\/v2\/types\/post"}],"author":[{"embeddable":true,"href":"https:\/\/kelmiskiams.lt\/index.php?rest_route=\/wp\/v2\/users\/2"}],"replies":[{"embeddable":true,"href":"https:\/\/kelmiskiams.lt\/index.php?rest_route=%2Fwp%2Fv2%2Fcomments&post=2312"}],"version-history":[{"count":1,"href":"https:\/\/kelmiskiams.lt\/index.php?rest_route=\/wp\/v2\/posts\/2312\/revisions"}],"predecessor-version":[{"id":2314,"href":"https:\/\/kelmiskiams.lt\/index.php?rest_route=\/wp\/v2\/posts\/2312\/revisions\/2314"}],"wp:featuredmedia":[{"embeddable":true,"href":"https:\/\/kelmiskiams.lt\/index.php?rest_route=\/wp\/v2\/media\/2313"}],"wp:attachment":[{"href":"https:\/\/kelmiskiams.lt\/index.php?rest_route=%2Fwp%2Fv2%2Fmedia&parent=2312"}],"wp:term":[{"taxonomy":"category","embeddable":true,"href":"https:\/\/kelmiskiams.lt\/index.php?rest_route=%2Fwp%2Fv2%2Fcategories&post=2312"},{"taxonomy":"post_tag","embeddable":true,"href":"https:\/\/kelmiskiams.lt\/index.php?rest_route=%2Fwp%2Fv2%2Ftags&post=2312"}],"curies":[{"name":"wp","href":"https:\/\/api.w.org\/{rel}","templated":true}]}}