{"id":2285,"date":"2023-10-18T03:31:00","date_gmt":"2023-10-18T03:31:00","guid":{"rendered":"https:\/\/kelmiskiams.lt\/?p=2285"},"modified":"2023-10-17T18:33:29","modified_gmt":"2023-10-17T18:33:29","slug":"is-pareigu-traukiasi-rajono-socialdemokratu-lyderis","status":"publish","type":"post","link":"https:\/\/kelmiskiams.lt\/?p=2285","title":{"rendered":"I\u0161 pareig\u0173 traukiasi rajono socialdemokrat\u0173 lyderis"},"content":{"rendered":"\n<p>\u0160i\u0173 met\u0173 baland\u017eio m\u0117nes\u012f rajono socialdemokrat\u0173 pirmininku perrinktas Stasys Jokubauskas traukiasi i\u0161 partijos skyriaus lyderi\u0173 pareig\u0173. Nuo 2020 met\u0173 rajono socialdemokratams vadovaujantis S. Jokubauskas Kelmi\u0161kiams.lt sak\u0117, kad sprendim\u0105 trauktis pri\u0117m\u0119s, nes neb\u0117ra ne tik rajono politini\u0173 vadov\u0173 post\u0105 u\u017eimantis asmuo, bet ir Tarybos narys.<\/p>\n\n\n\n<p>\u201eManau, pirmininku turi b\u016bti bent jau Tarybos narys arba tas, kuris eis \u012f rinkimus. A\u0161 Tarybos nariu nebesu nuo vasaros, o dalyvauti rinkimuose taip pat ne\u017eadu\u201c, \u2013 Kelmi\u0161kiams.lt sak\u0117 S. Jokubauskas.<\/p>\n\n\n\n<p>Gausiausi\u0105 bendra\u017eygi\u0173 b\u016br\u012f rajone turintis socialdemokrat\u0173 skyrius grei\u010diausiai \u012f konferencij\u0105 rinksis po V\u0117lini\u0173, kurioje ir \u012fvyks oficialus S. Jokubausko pasitraukimas bei naujo skyriaus pirmininko rinkimai.<\/p>\n\n\n\n<p>\u201eA\u0161 esu para\u0161\u0119s parei\u0161kim\u0105 apie atsistatydinim\u0105, tad kviesime konferencij\u0105 ir rinksime nauj\u0105 pirminink\u0105. \u017dinoma, i\u0161 partijos veiklos nesitrauksiu ir, manau, kad mano patirtis bei \u017einios bus naudingos partijos bi\u010diuliams\u201c, \u2013 kalb\u0117jo S. Jokubauskas.<\/p>\n\n\n\n<p>Prie\u0161 pusmet\u012f vykusioje konferencijoje socialdemokrat\u0173 skyriaus pirmininko posto taip pat siek\u0117 rajono socialdemokra\u010di\u0173 klubo vadov\u0117 Sigut\u0117 Jakutien\u0117, ta\u010diau didesnio bendrapartie\u010di\u0173 palaikymo tada ji nesulauk\u0117. Kas \u0161\u012f kart\u0105 sieks vadovauti skyriui \u2013 neai\u0161ku, ta\u010diau kalbinti rajono socialdemokratai sak\u0117 nor\u0117t\u0173, jog jiems vadovaut\u0173 dabartinis Tarybos narys bei Tarybos opozicijos lyderis Dainius Ivo\u0161kis.<\/p>\n\n\n\n<p>\u201e\u0160iai dienai turime skyriaus pirminink\u0105, o apie galimyb\u0119 vadovauti skyriui teks pagalvoti, kai jo kadencija eis \u012f pabaig\u0105 arba, jei pirmininkas prane\u0161t\u0173 apie traukim\u0105si i\u0161 pareig\u0173. Kol kas oficialiai nieko apie pasitraukim\u0105 negird\u0117jau\u201c, \u2013 \u012f klausim\u0105, ar siekt\u0173 skyriaus pirmininko posto, Kelmi\u0161kiams.lt atsak\u0117 D. Ivo\u0161kis.<\/p>\n\n\n\n<div class=\"is-layout-constrained wp-block-group\"><div class=\"wp-block-group__inner-container\">\n<div class=\"is-layout-flex wp-container-5 wp-block-columns\">\n<div class=\"is-layout-flow wp-block-column\" style=\"flex-basis:100%\">\n<div class=\"is-layout-constrained wp-block-group\"><div class=\"wp-block-group__inner-container\">\n<figure class=\"is-layout-flex wp-block-gallery-1 wp-block-gallery has-nested-images columns-default is-cropped\">\n<figure class=\"wp-block-image size-large\"><img decoding=\"async\" loading=\"lazy\" width=\"184\" height=\"275\" src=\"https:\/\/kelmiskiams.lt\/wp-content\/uploads\/2023\/10\/ivoskis.jpeg\" alt=\"\" class=\"wp-image-2288\"\/><figcaption class=\"wp-element-caption\">Dainius Ivo\u0161kis \/ Vrk.lt nuotr.<\/figcaption><\/figure>\n\n\n\n<figure class=\"wp-block-image size-large\"><img decoding=\"async\" loading=\"lazy\" width=\"494\" height=\"742\" src=\"https:\/\/kelmiskiams.lt\/wp-content\/uploads\/2023\/10\/Jokubauskas.jpeg\" alt=\"\" class=\"wp-image-2287\" srcset=\"https:\/\/kelmiskiams.lt\/wp-content\/uploads\/2023\/10\/Jokubauskas.jpeg 494w, https:\/\/kelmiskiams.lt\/wp-content\/uploads\/2023\/10\/Jokubauskas-200x300.jpeg 200w\" sizes=\"(max-width: 494px) 100vw, 494px\" \/><figcaption class=\"wp-element-caption\">Stasys Jokubauskas \/ Vrk.lt nuotr.<\/figcaption><\/figure>\n<\/figure>\n<\/div><\/div>\n<\/div>\n<\/div>\n<\/div><\/div>\n\n\n\n<p class=\"has-text-align-right\">Kelmi\u0161kiams.lt, asociatyvi Pexels.com nuotr.<\/p>\n","protected":false},"excerpt":{"rendered":"<p>\u0160i\u0173 met\u0173 baland\u017eio m\u0117nes\u012f rajono socialdemokrat\u0173 pirmininku perrinktas Stasys Jokubauskas traukiasi i\u0161 partijos skyriaus lyderi\u0173 pareig\u0173. Nuo 2020 met\u0173 rajono<\/p>\n","protected":false},"author":2,"featured_media":2286,"comment_status":"open","ping_status":"open","sticky":false,"template":"","format":"standard","meta":{"om_disable_all_campaigns":false,"_mi_skip_tracking":false},"categories":[4],"tags":[],"aioseo_notices":[],"_links":{"self":[{"href":"https:\/\/kelmiskiams.lt\/index.php?rest_route=\/wp\/v2\/posts\/2285"}],"collection":[{"href":"https:\/\/kelmiskiams.lt\/index.php?rest_route=\/wp\/v2\/posts"}],"about":[{"href":"https:\/\/kelmiskiams.lt\/index.php?rest_route=\/wp\/v2\/types\/post"}],"author":[{"embeddable":true,"href":"https:\/\/kelmiskiams.lt\/index.php?rest_route=\/wp\/v2\/users\/2"}],"replies":[{"embeddable":true,"href":"https:\/\/kelmiskiams.lt\/index.php?rest_route=%2Fwp%2Fv2%2Fcomments&post=2285"}],"version-history":[{"count":2,"href":"https:\/\/kelmiskiams.lt\/index.php?rest_route=\/wp\/v2\/posts\/2285\/revisions"}],"predecessor-version":[{"id":2290,"href":"https:\/\/kelmiskiams.lt\/index.php?rest_route=\/wp\/v2\/posts\/2285\/revisions\/2290"}],"wp:featuredmedia":[{"embeddable":true,"href":"https:\/\/kelmiskiams.lt\/index.php?rest_route=\/wp\/v2\/media\/2286"}],"wp:attachment":[{"href":"https:\/\/kelmiskiams.lt\/index.php?rest_route=%2Fwp%2Fv2%2Fmedia&parent=2285"}],"wp:term":[{"taxonomy":"category","embeddable":true,"href":"https:\/\/kelmiskiams.lt\/index.php?rest_route=%2Fwp%2Fv2%2Fcategories&post=2285"},{"taxonomy":"post_tag","embeddable":true,"href":"https:\/\/kelmiskiams.lt\/index.php?rest_route=%2Fwp%2Fv2%2Ftags&post=2285"}],"curies":[{"name":"wp","href":"https:\/\/api.w.org\/{rel}","templated":true}]}}