{"id":2273,"date":"2023-10-17T07:29:15","date_gmt":"2023-10-17T07:29:15","guid":{"rendered":"https:\/\/kelmiskiams.lt\/?p=2273"},"modified":"2023-10-17T07:30:28","modified_gmt":"2023-10-17T07:30:28","slug":"buve-zalieji-uzsimena-apie-galimus-pasikeitimus-taryboje","status":"publish","type":"post","link":"https:\/\/kelmiskiams.lt\/?p=2273","title":{"rendered":"Buv\u0119 \u017ealieji u\u017esimena apie galimus pasikeitimus Taryboje"},"content":{"rendered":"\n<p>Pirmadienio vakar\u0105 susirink\u0119 dabar jau buv\u0119 Lietuvos \u017eali\u0173j\u0173 partijos (L\u017dP) Kelm\u0117s skyriaus nariai tapo Lietuvos region\u0173 partijos bendra\u017eygiais. Kalbos rajono politiniuose kuluaruose netilo jau kuris laikas, kad du mandatus rajono Taryboje turintys <em>\u017ealieji<\/em> dairosi draugijos kitose partijose. To neslepia ir buvusi Kelm\u0117s-\u0160ilal\u0117s skyriaus pirminink\u0117 Lina Samulyt\u0117, kurios skyrius vienbalsiai nusprend\u0117 trauktis i\u0161 L\u017dP ir prisijungti prie Region\u0173 partijos.<\/p>\n\n\n\n<p>\u201ePastaruoju metu, ypa\u010d po nes\u0117kming\u0173 paskutini\u0173j\u0173 rinkim\u0173, L\u017dP paliko daug nari\u0173, net i\u0161tisi skyriai.\u00a0 Prie\u0161 kelet\u0105 savai\u010di\u0173 partij\u0105 paliko Ma\u017eeiki\u0173 skyrius, kuris tur\u0117jo net 5 mandatus Taryboje. L\u017dP valdyba puikiai suvokia, kad \u017dali\u0173j\u0173 partija i\u0161liks tik prisijungusi ar susijungusi su kitu politiniu dariniu, prie\u0161ingu atveju, likimas yra ai\u0161kus. Ai\u0161ku, gal\u0117jome laukti kol L\u017dP valdyba nuspr\u0119s su kuo \u201etuoktis\u201c, buvo pasi\u016blymas net jungtis su partija \u201eLaisv\u0117 ir teisingumas\u201c arba rinktis patiems. M\u016bs\u0173 skyrius, gav\u0119s pasi\u016blym\u0105 prisijungti prie Lietuvos region\u0173 partijos, \u012fvertino pasi\u016blym\u0105 ir nusprend\u0117 jungtis prie \u0161ios partijos, kurios programa yra ar\u010diausia ir Kelm\u0117s regionui\u201c, \u2013 antradien\u012f sak\u0117 L. Samulyt\u0117.<\/p>\n\n\n<div class=\"wp-block-image\">\n<figure class=\"aligncenter size-large is-resized\"><img decoding=\"async\" loading=\"lazy\" src=\"https:\/\/kelmiskiams.lt\/wp-content\/uploads\/2023\/10\/Samulyte-710x1024.jpg\" alt=\"\" class=\"wp-image-2274\" width=\"519\" height=\"747\" srcset=\"https:\/\/kelmiskiams.lt\/wp-content\/uploads\/2023\/10\/Samulyte-208x300.jpg 208w, https:\/\/kelmiskiams.lt\/wp-content\/uploads\/2023\/10\/Samulyte-768x1107.jpg 768w, https:\/\/kelmiskiams.lt\/wp-content\/uploads\/2023\/10\/Samulyte.jpg 939w\" sizes=\"(max-width: 519px) 100vw, 519px\" \/><figcaption class=\"wp-element-caption\">Nauj\u0105j\u0105 skyriaus pirminink\u0119 pasveikino viena i\u0161 partijos steig\u0117j\u0173 \u2013 \u017divil\u0117 Pinskuvien\u0117<\/figcaption><\/figure><\/div>\n\n\n<p>Pasak naujosios politin\u0117s j\u0117gos rajone pirminink\u0117s, skyriaus steigiamajame susirinkime skyriaus nariais tapo 56 kelmi\u0161kiai, o Lina Samulyt\u0117 buvo vienintel\u0117 kandidat\u0117, kuri ir buvo vienbalsiai i\u0161rinkta vadovauti partijos Kelm\u0117s skyriui.<\/p>\n\n\n\n<p>Naujoji skyriaus pirminink\u0117 teig\u0117, jog galimi pasikeitimai ir rajono Taryboje. \u201eTies\u0105 pasakius, \u010dia gali \u012fvykti \u0161ioki\u0173 toki\u0173 pasikeitim\u0173, bet kol kas nuo komentar\u0173 susilaikysiu\u201c, \u2013 portalui sak\u0117 L. Samulyt\u0117.<\/p>\n\n\n\n<p class=\"has-text-align-right\">Kelmi\u0161kiams.lt, L.Samulyt\u0117s ir Pexels.com nuotr.<\/p>\n\n\n\n<p><\/p>\n","protected":false},"excerpt":{"rendered":"<p>Pirmadienio vakar\u0105 susirink\u0119 dabar jau buv\u0119 Lietuvos \u017eali\u0173j\u0173 partijos (L\u017dP) Kelm\u0117s skyriaus nariai tapo Lietuvos region\u0173 partijos bendra\u017eygiais. Kalbos rajono<\/p>\n","protected":false},"author":2,"featured_media":2275,"comment_status":"open","ping_status":"open","sticky":false,"template":"","format":"standard","meta":{"om_disable_all_campaigns":false,"_mi_skip_tracking":false},"categories":[4],"tags":[],"aioseo_notices":[],"_links":{"self":[{"href":"https:\/\/kelmiskiams.lt\/index.php?rest_route=\/wp\/v2\/posts\/2273"}],"collection":[{"href":"https:\/\/kelmiskiams.lt\/index.php?rest_route=\/wp\/v2\/posts"}],"about":[{"href":"https:\/\/kelmiskiams.lt\/index.php?rest_route=\/wp\/v2\/types\/post"}],"author":[{"embeddable":true,"href":"https:\/\/kelmiskiams.lt\/index.php?rest_route=\/wp\/v2\/users\/2"}],"replies":[{"embeddable":true,"href":"https:\/\/kelmiskiams.lt\/index.php?rest_route=%2Fwp%2Fv2%2Fcomments&post=2273"}],"version-history":[{"count":3,"href":"https:\/\/kelmiskiams.lt\/index.php?rest_route=\/wp\/v2\/posts\/2273\/revisions"}],"predecessor-version":[{"id":2278,"href":"https:\/\/kelmiskiams.lt\/index.php?rest_route=\/wp\/v2\/posts\/2273\/revisions\/2278"}],"wp:featuredmedia":[{"embeddable":true,"href":"https:\/\/kelmiskiams.lt\/index.php?rest_route=\/wp\/v2\/media\/2275"}],"wp:attachment":[{"href":"https:\/\/kelmiskiams.lt\/index.php?rest_route=%2Fwp%2Fv2%2Fmedia&parent=2273"}],"wp:term":[{"taxonomy":"category","embeddable":true,"href":"https:\/\/kelmiskiams.lt\/index.php?rest_route=%2Fwp%2Fv2%2Fcategories&post=2273"},{"taxonomy":"post_tag","embeddable":true,"href":"https:\/\/kelmiskiams.lt\/index.php?rest_route=%2Fwp%2Fv2%2Ftags&post=2273"}],"curies":[{"name":"wp","href":"https:\/\/api.w.org\/{rel}","templated":true}]}}