{"id":2216,"date":"2023-10-10T05:07:45","date_gmt":"2023-10-10T05:07:45","guid":{"rendered":"https:\/\/kelmiskiams.lt\/?p=2216"},"modified":"2023-10-10T05:20:31","modified_gmt":"2023-10-10T05:20:31","slug":"prezidento-ir-pirmosios-ponios-darbo-vizitas-kelmeje","status":"publish","type":"post","link":"https:\/\/kelmiskiams.lt\/?p=2216","title":{"rendered":"Prezidento ir pirmosios ponios darbo vizitas Kelm\u0117je"},"content":{"rendered":"\n<p>Lietuvos Respublikos Prezidentas Gitanas Naus\u0117da&nbsp;pirmadien\u012f su komanda dirbo&nbsp;Kelm\u0117je.&nbsp;Susitikime su Kelm\u0117s rajono savivaldyb\u0117s meru Ildefonsu Petkevi\u010diumi ir rajono vadovybe \u0161alies vadovas aptar\u0117 investicijas regione, \u0161vietimo&nbsp;situacij\u0105, sveikatos reformos eig\u0105, savivaldybi\u0173 savaranki\u0161kum\u0105 sprend\u017eiant socialin\u0117s politikos klausimus, kitus rajonui aktualius klausimus. Prezidentas aptar\u0117&nbsp;Kelm\u0117s&nbsp;savivaldyb\u0117s pastangas vykstant sveikatos reformai i\u0161saugoti kokybi\u0161kas sveikatos prie\u017ei\u016bros paslaugas rajono \u017emon\u0117ms. Kelm\u0117s&nbsp;meras pad\u0117kojo Prezidentui u\u017e iniciatyv\u0105 pakeisti konstitucin\u012f Fiskalin\u0117s sutarties \u012fstatym\u0105, pa\u017eym\u0117damas, kad d\u0117l pakeisto \u012fstatymo Kelm\u0117s rajonas gali \u012fgyvendinti vandentvarkos modernizavimo projekt\u0105.<\/p>\n\n\n\n<p>\u0160alies vadovas Kelm\u0117s Jono Grai\u010di\u016bno gimnazijoje susitiko&nbsp;su rajono gimnazij\u0173 vyresni\u0173j\u0173 klasi\u0173 gimnazistais,&nbsp;dalyvavo pilieti\u0161kumo&nbsp;diskusijoje pa\u010di\u0173 gimnazist\u0173 pasi\u016blyta tema \u201ePilieti\u0161kumas: praeities&nbsp;\u2013&nbsp;dabarties&nbsp;\u2013&nbsp;ateities tiltas&#8221;.&nbsp;<\/p>\n\n\n\n<p>Prezidentas pa\u017eym\u0117jo, kad Kelm\u0117je,&nbsp;kurios apylink\u0117se gyveno&nbsp;\u0160auli\u0173 s\u0105jungos \u012fk\u016br\u0117jas&nbsp;V. Putvinskis-P\u016btvis, justi stiprios&nbsp;\u0161aulyst\u0117s&nbsp;tradicijos. \u201e\u0160auli\u0161ka&nbsp;savitvarda, disciplina svarbi kiekvienam jaunam \u017emogui, o&nbsp;per j\u012f&nbsp;ir visuomenei&nbsp;\u2013&nbsp;turint omenyje&nbsp;ne tik&nbsp;pasirengim\u0105 ginti \u0161al\u012f ginkluoto konflikto metu,&nbsp;bet ir&nbsp;daug&nbsp;pla\u010diau suprantam\u0105&nbsp;asmens&nbsp;ir kartu valstyb\u0117s&nbsp;atsparum\u0105&#8221;,&nbsp;\u2013&nbsp;sak\u0117 \u0161alies vadovas.&nbsp;<\/p>\n\n\n\n<p>Pasaulin\u0117s psichikos sveikatos dienos i\u0161vakar\u0117se Prezidentas Kelm\u0117s Visuomen\u0117s sveikatos biure susitiko su visuomen\u0117s sveikatos specialistais, savivaldyb\u0117s gydytoja, socialiniais darbuotojais bei srities specialistais aptarti priklausomybi\u0173 lig\u0173 valdymo, prevencijos ir pagalbos priklausomiems asmenims, \u017emoni\u0173 psichikos sveikatos stiprinimo klausim\u0173.<\/p>\n\n\n\n<p>\u0160alies vadovas akcentavo, kad priklausomyb\u0117s nuo alkoholio ir narkotik\u0173 \u2013 labai aktuali Lietuvos visuomen\u0117s problema, kelianti didel\u0119 socialin\u0119 ir ekonomin\u0119 \u017eal\u0105 \u0161iandien ir rizik\u0173 m\u016bs\u0173 atei\u010diai. Pasak Prezidento, beveik visose savivaldyb\u0117se priklausomybi\u0173 ligos keliamos kaip didel\u0117 problema.&nbsp;<\/p>\n\n\n\n<p>Susitikime \u0161alies vadovas aptar\u0117, ko dar tr\u016bksta telkiant pastangas u\u017etikrinti priklausomybi\u0173 gydym\u0105 ir prevencij\u0105. Ypatingo d\u0117mesio reikalauja labai prasta situacija d\u0117l vaik\u0173 ir jaunimo psichiatr\u0173 tr\u016bkumo bei j\u0173 teikiam\u0173 svarbi\u0173 paslaug\u0173 labai prasto prieinamumo m\u016bs\u0173 \u0161alyje. Taip pat susitikime buvo aptariama, ko reikia, kad narkotik\u0173 vartojimas b\u016bt\u0173 u\u017ekardytas. Susitikimo dalyviai akcentavo ir &nbsp;\u201ekiet\u0105sias&#8221; priemones,&nbsp;skirtas psichotropini\u0173 priemoni\u0173 prieinamumui ma\u017einti.<\/p>\n\n\n\n<p>Kelm\u0117s rajono Visuomen\u0117s sveikatos biuro direktor\u0117 Lina&nbsp;Nekra\u0161\u0117 sveikatos&nbsp;\u012fstaig\u0173 reformos kontekste pa\u017eym\u0117jo, kad nors prevencijos efektyvumas neabejotinas, ta\u010diau valstyb\u0117s skiriamas finansavimas visuomen\u0117s sveikatos biurams n\u0117ra tinkamas ir adekvatus pagal esan\u010dias problemas ir visuomen\u0117s sveikatos i\u0161\u0161\u016bkius Lietuvoje.<\/p>\n\n\n\n<p>Susitikime dalyvav\u0119s sodybos Padubysio kaime priklausomybi\u0173 turintiems asmenims savininkas \u017danas&nbsp;Talandis&nbsp;atkreip\u0117 d\u0117mes\u012f, kad pana\u0161ios kaip jo priklausomybi\u0173 reabilitacijos iniciatyvos gal\u0117t\u0173 pad\u0117ti daug daugiau \u017emoni\u0173, jei vietos ir nacionalin\u0117s vald\u017eios lygmenimis atsirast\u0173 j\u0173&nbsp;veiklai palankesn\u0117s s\u0105lygos. Susitikime buvo aptartos ir galimos \u201ekietosios&#8221; priemon\u0117s, skirtos psichotropini\u0173 priemoni\u0173 prieinamumui ma\u017einti.<\/p>\n\n\n\n<p>Kartu su Prezidentu atvykusi pirmoji ponia Diana Naus\u0117dien\u0117 susitiko su Lietuvos samarie\u010di\u0173 bendrijos nariais ir aplank\u0117 Budrai\u010di\u0173 kaimo bendruomen\u0119.<\/p>\n\n\n\n<p>Susitikimas su Samarie\u010di\u0173 bendrijos Kelm\u0117s skyriaus bendruomene \u012fvyko jos \u012fsteigtame vaik\u0173 dienos centre \u201eDraugyst\u0117&#8221;. Kelm\u0117s savivaldyb\u0117je, Tytuv\u0117nuose, samarie\u010diai yra \u012fsteig\u0119 ir dienos centr\u0105 \u201eSamarietukas&#8221;. Bendrijos nariai teikia \u012fvairiapus\u0119 param\u0105, turi labdaros valgykl\u0105, kurioje nemokamas maitinimas penkiskart per savait\u0119 skiriamas 48 \u017emon\u0117ms. Kelm\u0117s rajono Samarie\u010di\u0173 bendrija taip pat teikia kompleksines paslaugas \u0161eimoms.<\/p>\n\n\n\n<p>Pokalbyje su samarie\u010diais pirmoji ponia pabr\u0117\u017e\u0117, kad labai svarbu, jog kiekviena Lietuvos \u0161eima gal\u0117t\u0173 gauti reikiam\u0105 pagalb\u0105 i\u0161tikus bet kokiai krizei. Dar svarbiau&nbsp;\u2013 tur\u0117ti galimyb\u0119 kreiptis paramos, konsultacij\u0173 ar kitokios pagalbos ir nelaukiant kriz\u0117s.<\/p>\n\n\n\n<p>\u201eJ\u016bs\u0173 veikla&nbsp;\u2013 dar vienas \u012frodymas, kaip svarbu skatinti ir auginti nevyriausybin\u012f sektori\u0173, ugdyti pilietin\u0119 visuomen\u0119, kuri \u012fgalinama pad\u0117ti pati sau ir organizuoti reikiamas paslaugas. A\u010di\u016b u\u017e atsidavim\u0105 ir tai, kad stiprinate \u0161eimas, ugdote j\u0173 geb\u0117jimus savaranki\u0161kai spr\u0119sti i\u0161kilusias problemas, \u012fveikti t\u0117vyst\u0117s, paauglyst\u0117s, kitus i\u0161\u0161\u016bkius ar u\u017eklupusias krizes, nuo kuri\u0173 niekas n\u0117ra apsaugotas&#8221;,&nbsp;\u2013 teig\u0117 D.&nbsp;Naus\u0117dien\u0117.<\/p>\n\n\n\n<p>Pirmoji ponia akcentavo, kad kompleksin\u0117 pagalba \u0161eimai prisideda prie psichin\u0117s sveikatos stiprinimo. \u201eSaugumo jausmas yra vienas pamatini\u0173 dalyk\u0173, kuriuo remdamasis kiekvienas \u017emogus auga ir tobul\u0117ja. \u0160eima, saugi aplinka joje yra ta terp\u0117, kur kiekvienas tur\u0117tume jaustis u\u017etikrintai ir semtis stipryb\u0117s. Labai d\u017eiaugiuosi, kad J\u016bs\u0173 d\u0117ka b\u016btent tokia aplinka \u0161eimose ir kuriama&#8221;,&nbsp;\u2013 sak\u0117 pirmoji ponia.<\/p>\n\n\n\n<p>Susitikime su Budrai\u010di\u0173 kaimo bendruomene, kuri yra viena i\u0161 Lietuvos Respublikos Prezidento Gitano Naus\u0117dos globojamos iniciatyvos \u201eLietuvos galia&#8221; dalyvi\u0173, daugiausia kalb\u0117ta apie bendruomeni\u0161kum\u0105 ir aktyvum\u0105.<\/p>\n\n\n\n<p>\u201eJ\u016bs\u0173 aktyvumas, atsidavimas ir veikla liudija, kad kaimi\u0161kos Lietuvos vietov\u0117s yra gyvos ir ten gyvena k\u016brybingi, darb\u0161t\u016bs ir pilieti\u0161ki \u017emon\u0117s. Esate viena pirm\u0173j\u0173 bendruomeni\u0173, veikian\u010di\u0173 jau ne pirm\u0105 de\u0161imt\u012f met\u0173, kuri savo \u017emoni\u0173 rankomis suk\u016br\u0117 tai, kuo \u0161iandien pagr\u012fstai galite d\u017eiaugtis ir did\u017eiuotis. \u017dinau, kad pas Jus apsilanko ir kitos bendruomen\u0117s, konsultuojasi ir semiasi gerosios patirties ir praktikos, tai did\u017eiulis \u012fvertinimas Jums. Labai tikiuosi, kad t\u0119site savo darbus su dar didesniu u\u017esidegimu, nes to tikrai reikia m\u016bs\u0173 \u017emon\u0117ms ir valstybei&#8221;,&nbsp;\u2013 kalb\u0117jo D.&nbsp;Naus\u0117dien\u0117.<\/p>\n\n\n\n<p>Pirmoji ponia primin\u0117, jog beveik tre\u010ddalis vis\u0173 iniciatyv\u0173 \u201eLietuvos galios&#8221; platformoje kuriamos b\u016btent bendruomen\u0117se. Pirmosios ponios teigimu, \u010dia slypi did\u017eiulis pilietin\u0117s galios potencialas, kur\u012f norisi ne tik pad\u0117ti atrakinti, bet ir pasidalinti kuriamais stebuklais su visa Lietuva.<\/p>\n\n\n\n<p>Vakare \u0161alies vadovas susitiko su rajono \u017einiasklaidos atstovais bei rajono gyventojais. Prezidento interviu portale skaitykite artimiausiomis dienomis.<\/p>\n\n\n\n<p class=\"has-text-align-right\">Kelmi\u0161kiams.lt, Lietuvos Respublikos Prezidento kanceliarijos \/ Roberto Da\u010dkaus, Eitvydo Kinai\u010dio nuotr. <\/p>\n\n\n\n<div class=\"is-layout-flex wp-container-4 wp-block-columns\">\n<div class=\"is-layout-flow wp-block-column\" style=\"flex-basis:100%\">\n<figure class=\"is-layout-flex wp-block-gallery-1 wp-block-gallery has-nested-images columns-default is-cropped\">\n<figure class=\"wp-block-image size-large\"><img decoding=\"async\" loading=\"lazy\" width=\"1024\" height=\"683\" src=\"https:\/\/kelmiskiams.lt\/wp-content\/uploads\/2023\/10\/rdackus_dsc_8698-1024x683.jpg\" alt=\"\" class=\"wp-image-2220\" srcset=\"https:\/\/kelmiskiams.lt\/wp-content\/uploads\/2023\/10\/rdackus_dsc_8698-1024x683.jpg 1024w, https:\/\/kelmiskiams.lt\/wp-content\/uploads\/2023\/10\/rdackus_dsc_8698-300x200.jpg 300w, https:\/\/kelmiskiams.lt\/wp-content\/uploads\/2023\/10\/rdackus_dsc_8698-768x512.jpg 768w, https:\/\/kelmiskiams.lt\/wp-content\/uploads\/2023\/10\/rdackus_dsc_8698-1536x1024.jpg 1536w, https:\/\/kelmiskiams.lt\/wp-content\/uploads\/2023\/10\/rdackus_dsc_8698-2048x1365.jpg 2048w\" sizes=\"(max-width: 1024px) 100vw, 1024px\" \/><\/figure>\n\n\n\n<figure class=\"wp-block-image size-large\"><img decoding=\"async\" loading=\"lazy\" width=\"1024\" height=\"683\" src=\"https:\/\/kelmiskiams.lt\/wp-content\/uploads\/2023\/10\/rdackus_dsc_8817-1024x683.jpg\" alt=\"\" class=\"wp-image-2218\" srcset=\"https:\/\/kelmiskiams.lt\/wp-content\/uploads\/2023\/10\/rdackus_dsc_8817-1024x683.jpg 1024w, https:\/\/kelmiskiams.lt\/wp-content\/uploads\/2023\/10\/rdackus_dsc_8817-300x200.jpg 300w, https:\/\/kelmiskiams.lt\/wp-content\/uploads\/2023\/10\/rdackus_dsc_8817-768x512.jpg 768w, https:\/\/kelmiskiams.lt\/wp-content\/uploads\/2023\/10\/rdackus_dsc_8817-1536x1024.jpg 1536w, https:\/\/kelmiskiams.lt\/wp-content\/uploads\/2023\/10\/rdackus_dsc_8817-2048x1365.jpg 2048w\" sizes=\"(max-width: 1024px) 100vw, 1024px\" \/><\/figure>\n\n\n\n<figure class=\"wp-block-image size-large\"><img decoding=\"async\" loading=\"lazy\" width=\"1024\" height=\"683\" src=\"https:\/\/kelmiskiams.lt\/wp-content\/uploads\/2023\/10\/rdackus_dsc_8629-1024x683.jpg\" alt=\"\" class=\"wp-image-2217\" srcset=\"https:\/\/kelmiskiams.lt\/wp-content\/uploads\/2023\/10\/rdackus_dsc_8629-1024x683.jpg 1024w, https:\/\/kelmiskiams.lt\/wp-content\/uploads\/2023\/10\/rdackus_dsc_8629-300x200.jpg 300w, https:\/\/kelmiskiams.lt\/wp-content\/uploads\/2023\/10\/rdackus_dsc_8629-768x512.jpg 768w, https:\/\/kelmiskiams.lt\/wp-content\/uploads\/2023\/10\/rdackus_dsc_8629-1536x1024.jpg 1536w, https:\/\/kelmiskiams.lt\/wp-content\/uploads\/2023\/10\/rdackus_dsc_8629-2048x1365.jpg 2048w\" sizes=\"(max-width: 1024px) 100vw, 1024px\" \/><\/figure>\n\n\n\n<figure class=\"wp-block-image size-large\"><img decoding=\"async\" loading=\"lazy\" width=\"1024\" height=\"683\" src=\"https:\/\/kelmiskiams.lt\/wp-content\/uploads\/2023\/10\/rdackus_dsc_85121-1024x683.jpg\" alt=\"\" class=\"wp-image-2219\" srcset=\"https:\/\/kelmiskiams.lt\/wp-content\/uploads\/2023\/10\/rdackus_dsc_85121-1024x683.jpg 1024w, https:\/\/kelmiskiams.lt\/wp-content\/uploads\/2023\/10\/rdackus_dsc_85121-300x200.jpg 300w, https:\/\/kelmiskiams.lt\/wp-content\/uploads\/2023\/10\/rdackus_dsc_85121-768x512.jpg 768w, https:\/\/kelmiskiams.lt\/wp-content\/uploads\/2023\/10\/rdackus_dsc_85121-1536x1024.jpg 1536w, https:\/\/kelmiskiams.lt\/wp-content\/uploads\/2023\/10\/rdackus_dsc_85121-2048x1365.jpg 2048w\" sizes=\"(max-width: 1024px) 100vw, 1024px\" \/><\/figure>\n\n\n\n<figure class=\"wp-block-image size-large\"><img decoding=\"async\" loading=\"lazy\" width=\"1024\" height=\"683\" src=\"https:\/\/kelmiskiams.lt\/wp-content\/uploads\/2023\/10\/rdackus_dsc_8142-1024x683.jpg\" alt=\"\" class=\"wp-image-2223\" srcset=\"https:\/\/kelmiskiams.lt\/wp-content\/uploads\/2023\/10\/rdackus_dsc_8142-1024x683.jpg 1024w, https:\/\/kelmiskiams.lt\/wp-content\/uploads\/2023\/10\/rdackus_dsc_8142-300x200.jpg 300w, https:\/\/kelmiskiams.lt\/wp-content\/uploads\/2023\/10\/rdackus_dsc_8142-768x512.jpg 768w, https:\/\/kelmiskiams.lt\/wp-content\/uploads\/2023\/10\/rdackus_dsc_8142-1536x1024.jpg 1536w, https:\/\/kelmiskiams.lt\/wp-content\/uploads\/2023\/10\/rdackus_dsc_8142-2048x1365.jpg 2048w\" sizes=\"(max-width: 1024px) 100vw, 1024px\" \/><\/figure>\n\n\n\n<figure class=\"wp-block-image size-large\"><img decoding=\"async\" loading=\"lazy\" width=\"1024\" height=\"683\" src=\"https:\/\/kelmiskiams.lt\/wp-content\/uploads\/2023\/10\/rdackus_dsc_8342-1024x683.jpg\" alt=\"\" class=\"wp-image-2221\" srcset=\"https:\/\/kelmiskiams.lt\/wp-content\/uploads\/2023\/10\/rdackus_dsc_8342-1024x683.jpg 1024w, https:\/\/kelmiskiams.lt\/wp-content\/uploads\/2023\/10\/rdackus_dsc_8342-300x200.jpg 300w, https:\/\/kelmiskiams.lt\/wp-content\/uploads\/2023\/10\/rdackus_dsc_8342-768x512.jpg 768w, https:\/\/kelmiskiams.lt\/wp-content\/uploads\/2023\/10\/rdackus_dsc_8342-1536x1024.jpg 1536w, https:\/\/kelmiskiams.lt\/wp-content\/uploads\/2023\/10\/rdackus_dsc_8342-2048x1365.jpg 2048w\" sizes=\"(max-width: 1024px) 100vw, 1024px\" \/><\/figure>\n<\/figure>\n<\/div>\n<\/div>\n\n\n\n<figure class=\"is-layout-flex wp-block-gallery-5 wp-block-gallery has-nested-images columns-default is-cropped\">\n<figure class=\"wp-block-image size-large\"><img decoding=\"async\" loading=\"lazy\" width=\"1024\" height=\"683\" data-id=\"2225\"  src=\"https:\/\/kelmiskiams.lt\/wp-content\/uploads\/2023\/10\/231009-pp-su-budraiciu-kaimo-bendruomene-eitvydas-kinaitis-023-1024x683.jpg\" alt=\"\" class=\"wp-image-2225\" srcset=\"https:\/\/kelmiskiams.lt\/wp-content\/uploads\/2023\/10\/231009-pp-su-budraiciu-kaimo-bendruomene-eitvydas-kinaitis-023-1024x683.jpg 1024w, https:\/\/kelmiskiams.lt\/wp-content\/uploads\/2023\/10\/231009-pp-su-budraiciu-kaimo-bendruomene-eitvydas-kinaitis-023-300x200.jpg 300w, https:\/\/kelmiskiams.lt\/wp-content\/uploads\/2023\/10\/231009-pp-su-budraiciu-kaimo-bendruomene-eitvydas-kinaitis-023-768x512.jpg 768w, https:\/\/kelmiskiams.lt\/wp-content\/uploads\/2023\/10\/231009-pp-su-budraiciu-kaimo-bendruomene-eitvydas-kinaitis-023-1536x1024.jpg 1536w, https:\/\/kelmiskiams.lt\/wp-content\/uploads\/2023\/10\/231009-pp-su-budraiciu-kaimo-bendruomene-eitvydas-kinaitis-023-2048x1365.jpg 2048w\" sizes=\"(max-width: 1024px) 100vw, 1024px\" \/><\/figure>\n\n\n\n<figure class=\"wp-block-image size-large\"><img decoding=\"async\" loading=\"lazy\" width=\"1024\" height=\"683\" data-id=\"2226\"  src=\"https:\/\/kelmiskiams.lt\/wp-content\/uploads\/2023\/10\/d1_231009-pp-su-samarieciu-bendrija-kelmeje-eitvydas-kinaitis-022-1024x683.jpg\" alt=\"\" class=\"wp-image-2226\" srcset=\"https:\/\/kelmiskiams.lt\/wp-content\/uploads\/2023\/10\/d1_231009-pp-su-samarieciu-bendrija-kelmeje-eitvydas-kinaitis-022-1024x683.jpg 1024w, https:\/\/kelmiskiams.lt\/wp-content\/uploads\/2023\/10\/d1_231009-pp-su-samarieciu-bendrija-kelmeje-eitvydas-kinaitis-022-300x200.jpg 300w, https:\/\/kelmiskiams.lt\/wp-content\/uploads\/2023\/10\/d1_231009-pp-su-samarieciu-bendrija-kelmeje-eitvydas-kinaitis-022-768x512.jpg 768w, https:\/\/kelmiskiams.lt\/wp-content\/uploads\/2023\/10\/d1_231009-pp-su-samarieciu-bendrija-kelmeje-eitvydas-kinaitis-022-1536x1024.jpg 1536w, https:\/\/kelmiskiams.lt\/wp-content\/uploads\/2023\/10\/d1_231009-pp-su-samarieciu-bendrija-kelmeje-eitvydas-kinaitis-022-2048x1365.jpg 2048w\" sizes=\"(max-width: 1024px) 100vw, 1024px\" \/><\/figure>\n<figcaption class=\"blocks-gallery-caption wp-element-caption\">Prezidento ir pirmosios ponios darbo vizitas Kelm\u0117je<\/figcaption><\/figure>\n","protected":false},"excerpt":{"rendered":"<p>Lietuvos Respublikos Prezidentas Gitanas Naus\u0117da&nbsp;pirmadien\u012f su komanda dirbo&nbsp;Kelm\u0117je.&nbsp;Susitikime su Kelm\u0117s rajono savivaldyb\u0117s meru Ildefonsu Petkevi\u010diumi ir rajono vadovybe \u0161alies vadovas<\/p>\n","protected":false},"author":2,"featured_media":2227,"comment_status":"open","ping_status":"open","sticky":false,"template":"","format":"standard","meta":{"om_disable_all_campaigns":false,"_mi_skip_tracking":false},"categories":[4],"tags":[],"aioseo_notices":[],"_links":{"self":[{"href":"https:\/\/kelmiskiams.lt\/index.php?rest_route=\/wp\/v2\/posts\/2216"}],"collection":[{"href":"https:\/\/kelmiskiams.lt\/index.php?rest_route=\/wp\/v2\/posts"}],"about":[{"href":"https:\/\/kelmiskiams.lt\/index.php?rest_route=\/wp\/v2\/types\/post"}],"author":[{"embeddable":true,"href":"https:\/\/kelmiskiams.lt\/index.php?rest_route=\/wp\/v2\/users\/2"}],"replies":[{"embeddable":true,"href":"https:\/\/kelmiskiams.lt\/index.php?rest_route=%2Fwp%2Fv2%2Fcomments&post=2216"}],"version-history":[{"count":3,"href":"https:\/\/kelmiskiams.lt\/index.php?rest_route=\/wp\/v2\/posts\/2216\/revisions"}],"predecessor-version":[{"id":2231,"href":"https:\/\/kelmiskiams.lt\/index.php?rest_route=\/wp\/v2\/posts\/2216\/revisions\/2231"}],"wp:featuredmedia":[{"embeddable":true,"href":"https:\/\/kelmiskiams.lt\/index.php?rest_route=\/wp\/v2\/media\/2227"}],"wp:attachment":[{"href":"https:\/\/kelmiskiams.lt\/index.php?rest_route=%2Fwp%2Fv2%2Fmedia&parent=2216"}],"wp:term":[{"taxonomy":"category","embeddable":true,"href":"https:\/\/kelmiskiams.lt\/index.php?rest_route=%2Fwp%2Fv2%2Fcategories&post=2216"},{"taxonomy":"post_tag","embeddable":true,"href":"https:\/\/kelmiskiams.lt\/index.php?rest_route=%2Fwp%2Fv2%2Ftags&post=2216"}],"curies":[{"name":"wp","href":"https:\/\/api.w.org\/{rel}","templated":true}]}}