{"id":2162,"date":"2023-10-04T06:31:40","date_gmt":"2023-10-04T06:31:40","guid":{"rendered":"https:\/\/kelmiskiams.lt\/?p=2162"},"modified":"2023-10-04T06:31:40","modified_gmt":"2023-10-04T06:31:40","slug":"konferencija-liudvikas-adomas-jucevicius-ir-jo-pedsakai-lietuviu-kulturos-kurimo-kelyje","status":"publish","type":"post","link":"https:\/\/kelmiskiams.lt\/?p=2162","title":{"rendered":"Konferencija \u201eLiudvikas Adomas Jucevi\u010dius ir jo p\u0117dsakai lietuvi\u0173 kult\u016bros k\u016brimo kelyje\u201c"},"content":{"rendered":"\n<p>Liudvikas Adomas Jucevi\u010dius \u2013 etnografas, tautosakininkas, literatas, istorikas, publicistas, vert\u0117jas, dvasininkas, lietuvi\u0173 ra\u0161tijos veik\u0117jas, kurio 210-\u0105sias gimimo metines minime \u0161iais, 2023-iaisiais metais. Liudvikas Adomas Jucevi\u010dius gim\u0117 1813\u00a0m. gruod\u017eio 15\u00a0d. dvarinink\u0173 Radavi\u010di\u0173 Pak\u0117vio dvare, Vaiguvos vals\u010diuje (Kelm\u0117s r.), tod\u0117l v\u0117liau pasira\u0161in\u0117jo Liudviko i\u0161 Pak\u0117vio (Ludwik z Pokiewia) slapyvard\u017eiu. Per trump\u0105, vos 33-ej\u0173 met\u0173 gyvenim\u0105 (mir\u0117 1846 m.), \u0161is darb\u0161tus \u017eemaitis prisid\u0117jo prie lietuvi\u0173 etnografijos ir tautosakos rinkimo bei populiarinimo, literat\u016bros ir lietuvi\u0173 kalbos tyrin\u0117jimo, gro\u017eini\u0173 k\u016brini\u0173 vertimo i\u0161 lenk\u0173 \u012f lietuvi\u0173 kalb\u0105, o lietuvi\u0173 liaudies dainas i\u0161vert\u0117 \u012f lenk\u0173 kalb\u0105.<\/p>\n\n\n\n<p>Kelm\u0117s rajono savivaldyb\u0117s \u017demait\u0117s vie\u0161oji biblioteka, rugs\u0117jo 29&nbsp;d. \u012f Pak\u0117v\u012f sukviet\u0117 kra\u0161to istorijai neabejingus \u017emones. L.&nbsp;A. Jucevi\u010diaus pagerbimas prasid\u0117jo padedant g\u0117les prie jo atminimui \u012fam\u017einti skirto paminklinio akmens, kurio aplink\u0105 sutvark\u0117 Pak\u0117vio kaimo bendruomen\u0117 ir kuriai u\u017e prasming\u0105 iniciatyv\u0105 pad\u0117kojo Vaiguvos seni\u016bnijos seni\u016bnas Alvydas Luko\u0161ius.<\/p>\n\n\n\n<p>Pak\u0117vio dvare buvo surengta mokslin\u0117 konferencija \u201eLiudvikas Adomas Jucevi\u010dius ir jo p\u0117dsakai lietuvi\u0173 kult\u016bros k\u016brimo kelyje\u201c, kurioje pristatytas bibliotekos darbuotoj\u0173 sukurtas vaizdo projektas \u201eMokytas \u017eemaitis Liudvikas Adomas Jucevi\u010dius\u201c, pasakojantis apie L.&nbsp;A. Jucevi\u010di\u0173 ir jo nuveiktus darbus, perskaityti \u0161e\u0161i prane\u0161imai: Vytauto Did\u017eiojo universiteto Istorijos katedros docentas Domininkas Burba prane\u0161ime \u201eL.&nbsp;A. Jucevi\u010diaus darb\u0173 sklaida ir populiarumo prie\u017eastys\u201c ap\u017evelg\u0117 L.&nbsp;A. Jucevi\u010diaus darb\u0173 vie\u0161inim\u0105 \u012fvairiuose XIX&nbsp;a. pirmosios pus\u0117s leidiniuose bei t\u0173 darb\u0173 vertinimus; to paties universiteto Politikos moksl\u0173 ir diplomatijos fakulteto profesorius Saulius Pivoras skait\u0117 prane\u0161im\u0105 \u201eL.&nbsp; A. Jucevi\u010diaus politin\u0117 ideologija\u201c, kur atskleid\u0117 L.&nbsp;A. Jucevi\u010diaus politines pa\u017ei\u016bras, visuomenin\u0119 vizij\u0105, principines tapatyb\u0117s nuostatas; Vilniaus universiteto profesor\u0117 Brigita Spei\u010dyt\u0117 prane\u0161ime \u201eLiudvikas Adomas Jucevi\u010dius \u2013 \u010ceslovo Milo\u0161o poemos <em>\u201eKur saul\u0117 teka ir kur leid\u017eiasi\u201c<\/em> veik\u0117jas\u201c nagrin\u0117jo, kokius atminties poreikius L.&nbsp;A. Jucevi\u010diaus fig\u016bra i\u0161rei\u0161kia min\u0117tame \u010c.&nbsp;Milo\u0161o k\u016brinyje, Lietuvi\u0173 literat\u016bros ir tautosakos instituto mokslo darbuotoja Radvil\u0117 Rac\u0117nait\u0117 prane\u0161ime \u201eLietuvi\u0173 mitologiniai tik\u0117jimai L.&nbsp;A. Jucevi\u010diaus ra\u0161tuose\u201c paband\u0117 Jucevi\u010diaus veikl\u0105 vertinti jo epochos kontekste, to paties instituto mokslo darbuotoja Jurga Sadauskien\u0117 prane\u0161ime \u201eLiudvikas Adomas Jucevi\u010dius \u2013 dainologas\u201c pristat\u0117 Jucevi\u010diaus rinkin\u012f \u201eLietuvi\u0173 dainos\u201c bei jo vertinim\u0105 sociokult\u016briniu po\u017ei\u016briu, o jos koleg\u0117 Dalia Zaikauskien\u0117 prane\u0161ime \u201ePatarl\u0117s ir prie\u017eod\u017eiai L.&nbsp;A. Jucevi\u010diaus rinkinyje \u201eLietuvi\u0173 liaudies prie\u017eod\u017eiai\u201c ap\u017evelg\u0117 Jucevi\u010diaus rinkin\u012f paremiografijos kontekste, i\u0161samiai paai\u0161kino tautosakininko u\u017era\u0161ytus posakius.<\/p>\n\n\n\n<p>Konferencijos metu veik\u0117 fotografij\u0173 paroda \u201ePak\u0117vis \u2013 Liudviko Adomo Jucevi\u010diaus gimtin\u0117\u201c bei dokument\u0173 paroda \u201eLiudvikas i\u0161 Pak\u0117vio ir jo darbai\u201c, kur ypating\u0105 viet\u0105 u\u017e\u0117m\u0117 originali L.&nbsp;A. Jucevi\u010diaus knyga \u201e\u017demai\u010di\u0173 \u017eem\u0117s prisiminimai\u201c, i\u0161leista 1842&nbsp;m., ir kuri\u0105 parodai paskolino Kra\u017ei\u0173 M.&nbsp;K. Sarbievijaus kult\u016bros centro muziejus.<\/p>\n\n\n\n<p>Konferencijos dalyvius sveikino Kelm\u0117s rajono savivaldyb\u0117s vicemeras K\u0119stutis Bilius, d\u0117kojo \u017demait\u0117s vie\u0161osios bibliotekos direktor\u0117 Ginta Maziliauskien\u0117, Vaiguvos seni\u016bnijos specialist\u0117 Dalia Skard\u017eiuvien\u0117, koncertavo Kelm\u0117s kult\u016bros centro folkloro ansamblis.<\/p>\n\n\n\n<p>Projekt\u0105 \u201eLiudvikas Adomas Jucevi\u010dius ir jo p\u0117dsakai lietuvi\u0173 kult\u016bros k\u016brimo kelyje\u201c finansavo Lietuvos kult\u016bros taryba ir Kelm\u0117s rajono savivaldyb\u0117.<\/p>\n\n\n\n<p class=\"has-text-align-right\">Nijol\u0117 Kan\u010dauskien\u0117,Vilmos Dichavi\u010dien\u0117s nuotr.<\/p>\n","protected":false},"excerpt":{"rendered":"<p>Liudvikas Adomas Jucevi\u010dius \u2013 etnografas, tautosakininkas, literatas, istorikas, publicistas, vert\u0117jas, dvasininkas, lietuvi\u0173 ra\u0161tijos veik\u0117jas, kurio 210-\u0105sias gimimo metines minime \u0161iais,<\/p>\n","protected":false},"author":2,"featured_media":2163,"comment_status":"open","ping_status":"open","sticky":false,"template":"","format":"standard","meta":{"om_disable_all_campaigns":false,"_mi_skip_tracking":false},"categories":[7],"tags":[],"aioseo_notices":[],"_links":{"self":[{"href":"https:\/\/kelmiskiams.lt\/index.php?rest_route=\/wp\/v2\/posts\/2162"}],"collection":[{"href":"https:\/\/kelmiskiams.lt\/index.php?rest_route=\/wp\/v2\/posts"}],"about":[{"href":"https:\/\/kelmiskiams.lt\/index.php?rest_route=\/wp\/v2\/types\/post"}],"author":[{"embeddable":true,"href":"https:\/\/kelmiskiams.lt\/index.php?rest_route=\/wp\/v2\/users\/2"}],"replies":[{"embeddable":true,"href":"https:\/\/kelmiskiams.lt\/index.php?rest_route=%2Fwp%2Fv2%2Fcomments&post=2162"}],"version-history":[{"count":1,"href":"https:\/\/kelmiskiams.lt\/index.php?rest_route=\/wp\/v2\/posts\/2162\/revisions"}],"predecessor-version":[{"id":2164,"href":"https:\/\/kelmiskiams.lt\/index.php?rest_route=\/wp\/v2\/posts\/2162\/revisions\/2164"}],"wp:featuredmedia":[{"embeddable":true,"href":"https:\/\/kelmiskiams.lt\/index.php?rest_route=\/wp\/v2\/media\/2163"}],"wp:attachment":[{"href":"https:\/\/kelmiskiams.lt\/index.php?rest_route=%2Fwp%2Fv2%2Fmedia&parent=2162"}],"wp:term":[{"taxonomy":"category","embeddable":true,"href":"https:\/\/kelmiskiams.lt\/index.php?rest_route=%2Fwp%2Fv2%2Fcategories&post=2162"},{"taxonomy":"post_tag","embeddable":true,"href":"https:\/\/kelmiskiams.lt\/index.php?rest_route=%2Fwp%2Fv2%2Ftags&post=2162"}],"curies":[{"name":"wp","href":"https:\/\/api.w.org\/{rel}","templated":true}]}}