{"id":2147,"date":"2023-09-26T11:32:29","date_gmt":"2023-09-26T11:32:29","guid":{"rendered":"https:\/\/kelmiskiams.lt\/?p=2147"},"modified":"2023-09-26T11:32:29","modified_gmt":"2023-09-26T11:32:29","slug":"cepulio-fotoklajones-kraziuose","status":"publish","type":"post","link":"https:\/\/kelmiskiams.lt\/?p=2147","title":{"rendered":"\u201e\u010cepulio fotoklajon\u0117s\u201c Kra\u017eiuose"},"content":{"rendered":"\n<p>Kra\u017ei\u0173  \u017dygimanto Liauksmino gimnazijoje ir Kra\u017ei\u0173 M. K. Sarbievijaus kult\u016bros centre vyko susitikimai su gamtos fotografu, ornitologu,\u00a0 ra\u0161ytoju, televizijos\u00a0 laidos ved\u0117ju\u00a0 bei tinklara\u0161\u010dio \u201e\u010cepulio fotoklajon\u0117s\u201c autoriumi\u00a0 Mariumi \u010cepuliu. <\/p>\n\n\n\n<p>Susirinkusiai visuomenei fotomeninkas pristat\u0117 savo darbo ypatumus. Tiek Kra\u017ei\u0173 \u017d. Liauksmino gimnazijos bendruomen\u0117s, tiek visuomen\u0117s auditorijos d\u0117mes\u012f prikaust\u0117 \u012fdomus ir \u012ftraukiantis fotomenininko pasakojimas apie jo gyvenimi\u0161k\u0105 kelion\u0119 \u012f gamtos fotografij\u0105 su visomis s\u0117km\u0117mis ir nes\u0117km\u0117mis, \u012fvairiomis situacijomis ir nuotykiais fotografuojant.<\/p>\n\n\n\n<p>Pasakojimus menininkas papild\u0117 savo paties darytomis nuotraukomis ir trumpais filmukais, kur vaizduojama, kaip, pasigamin\u0119s sl\u0117ptuv\u0119 \u201egulb\u0119\u201c arba \u201earkl\u012f\u201c, bando priart\u0117ti prie laukini\u0173 pauk\u0161\u010di\u0173 ar \u017ev\u0117reli\u0173, kad padaryt\u0173 \u012fsp\u016bding\u0105 kadr\u0105. Fotomenininkas atskleid\u0117, kad kokybi\u0161kai nuotraukai padaryti reikia itin daug \u017eini\u0173. M. \u010cepulis ne tik rod\u0117 filmuot\u0105 med\u017eiag\u0105 apie sl\u0117ptuves gamtoje, papuo\u0161\u0117 maskuojan\u010diais apdarais susitikimo dalyvius, kad jaunimas suprast\u0173, kiek pastang\u0173 ir nepatogum\u0173 kartais reikia i\u0161k\u0119sti, kad \u201epagautum\u201c t\u0105 vienintel\u012f kadr\u0105.<\/p>\n\n\n\n<p>Projekto \u201e Kra\u017ei\u0173 kolegijos rezidencija\u201c susitikimo pabaigoje fotomenininkas noriai ir smagiai atsakin\u0117jo \u012f jam moksleivi\u0173 ir suaugusi\u0173j\u0173 u\u017eduodamus klausimus. Nepastebimai greitai ir labai \u012fdomiai pra\u0117jo susitikimas \u2013 fotomenininkas puikus pa\u0161nekovas, \u012fdomus \u017emogus, mylintis ir tausojantis gamt\u0105.<\/p>\n\n\n\n<p class=\"has-text-align-right\">Kelmi\u0161kiams.lt, Jono Lipskio nuotr.<\/p>\n\n\n\n<figure class=\"wp-block-image size-large\"><img decoding=\"async\" loading=\"lazy\" width=\"1024\" height=\"683\" src=\"https:\/\/kelmiskiams.lt\/wp-content\/uploads\/2023\/09\/IMG_6734-1024x683.jpg\" alt=\"\" class=\"wp-image-2149\" srcset=\"https:\/\/kelmiskiams.lt\/wp-content\/uploads\/2023\/09\/IMG_6734-1024x683.jpg 1024w, https:\/\/kelmiskiams.lt\/wp-content\/uploads\/2023\/09\/IMG_6734-300x200.jpg 300w, https:\/\/kelmiskiams.lt\/wp-content\/uploads\/2023\/09\/IMG_6734-768x512.jpg 768w, https:\/\/kelmiskiams.lt\/wp-content\/uploads\/2023\/09\/IMG_6734-1536x1024.jpg 1536w, https:\/\/kelmiskiams.lt\/wp-content\/uploads\/2023\/09\/IMG_6734-2048x1365.jpg 2048w\" sizes=\"(max-width: 1024px) 100vw, 1024px\" \/><\/figure>\n","protected":false},"excerpt":{"rendered":"<p>Kra\u017ei\u0173 \u017dygimanto Liauksmino gimnazijoje ir Kra\u017ei\u0173 M. K. Sarbievijaus kult\u016bros centre vyko susitikimai su gamtos fotografu, ornitologu,\u00a0 ra\u0161ytoju, televizijos\u00a0 laidos<\/p>\n","protected":false},"author":2,"featured_media":2148,"comment_status":"open","ping_status":"open","sticky":false,"template":"","format":"standard","meta":{"om_disable_all_campaigns":false,"_mi_skip_tracking":false},"categories":[4],"tags":[],"aioseo_notices":[],"_links":{"self":[{"href":"https:\/\/kelmiskiams.lt\/index.php?rest_route=\/wp\/v2\/posts\/2147"}],"collection":[{"href":"https:\/\/kelmiskiams.lt\/index.php?rest_route=\/wp\/v2\/posts"}],"about":[{"href":"https:\/\/kelmiskiams.lt\/index.php?rest_route=\/wp\/v2\/types\/post"}],"author":[{"embeddable":true,"href":"https:\/\/kelmiskiams.lt\/index.php?rest_route=\/wp\/v2\/users\/2"}],"replies":[{"embeddable":true,"href":"https:\/\/kelmiskiams.lt\/index.php?rest_route=%2Fwp%2Fv2%2Fcomments&post=2147"}],"version-history":[{"count":1,"href":"https:\/\/kelmiskiams.lt\/index.php?rest_route=\/wp\/v2\/posts\/2147\/revisions"}],"predecessor-version":[{"id":2150,"href":"https:\/\/kelmiskiams.lt\/index.php?rest_route=\/wp\/v2\/posts\/2147\/revisions\/2150"}],"wp:featuredmedia":[{"embeddable":true,"href":"https:\/\/kelmiskiams.lt\/index.php?rest_route=\/wp\/v2\/media\/2148"}],"wp:attachment":[{"href":"https:\/\/kelmiskiams.lt\/index.php?rest_route=%2Fwp%2Fv2%2Fmedia&parent=2147"}],"wp:term":[{"taxonomy":"category","embeddable":true,"href":"https:\/\/kelmiskiams.lt\/index.php?rest_route=%2Fwp%2Fv2%2Fcategories&post=2147"},{"taxonomy":"post_tag","embeddable":true,"href":"https:\/\/kelmiskiams.lt\/index.php?rest_route=%2Fwp%2Fv2%2Ftags&post=2147"}],"curies":[{"name":"wp","href":"https:\/\/api.w.org\/{rel}","templated":true}]}}