{"id":2143,"date":"2023-09-26T05:14:10","date_gmt":"2023-09-26T05:14:10","guid":{"rendered":"https:\/\/kelmiskiams.lt\/?p=2143"},"modified":"2023-09-26T05:14:11","modified_gmt":"2023-09-26T05:14:11","slug":"reorganizuojamos-saukenu-ir-pakrazancio-kulturos-istaigos","status":"publish","type":"post","link":"https:\/\/kelmiskiams.lt\/?p=2143","title":{"rendered":"Reorganizuojamos \u0160auk\u0117n\u0173 ir Pakra\u017ean\u010dio kult\u016bros \u012fstaigos"},"content":{"rendered":"\n<p>Pra\u0117jusi\u0105 savait\u0119 Taryba pritar\u0117 reorganizuoti Pakra\u017ean\u010dio kult\u016bros centr\u0105 ir \u0160auk\u0117n\u0173 kult\u016bros ir amat\u0173 centr\u0105 juos prijungiant prie Kelm\u0117s kult\u016bros centro. \u0160ios dvi savaranki\u0161kos biud\u017eetin\u0117s \u012fstaigos nuo ateinan\u010di\u0173 met\u0173 baigs savo veikl\u0105 kaip juridinis asmuo ir taps Kelm\u0117s kult\u016bros centro skyriais. Po reorganizacijos kult\u016bros \u012fstaig\u0173 teis\u0117s ir pareigos pereis Kelm\u0117s kult\u016bros centrui. Pasak sprendimo iniciatori\u0173, rajono kult\u016bros \u012fstaig\u0173 reorganizavimo tikslas \u2013 suma\u017einti savivaldyb\u0117s juridini\u0173 vienet\u0173 skai\u010di\u0173, optimizuoti rajono kult\u016bros \u012fstaig\u0173 tinkl\u0105, j\u0173 valdym\u0105 ir veikl\u0105, racionaliai ir tikslingai naudoti materialinius, finansinius ir intelektinius kult\u016bros \u012fstaig\u0173 i\u0161teklius, siekti auk\u0161tesn\u0117s kult\u016bros paslaug\u0173 kokyb\u0117s. <\/p>\n\n\n\n<p>Pasak \u0160vietimo, kult\u016bros ir sporto skyriaus ved\u0117jo pavaduotojos Sonatos Venckien\u0117s, kuri reng\u0117 sprendimo projekt\u0105, buvo bendrauta su Pakra\u017ean\u010dio kult\u016bros centro bei \u0160auk\u0117n\u0173 kult\u016bros ir amat\u0173 centro darbuotojais, i\u0161klausyta j\u0173 nuomon\u0117 d\u0117l reorganizacijos. Pakra\u017ean\u010dio kult\u016bros centro darbuotojai i\u0161sak\u0117 savo pozicij\u0105, kad kult\u016bros centras b\u016bt\u0173 prijungtas prie Kelm\u0117s kult\u016bros centro. Iki prad\u0117jus vadovauti Kelm\u0117s kult\u016bros centrui, Laima\u00a0Lapinskien\u0117 vadovavo Pakra\u017ean\u010dio kult\u016bros centrui, tod\u0117l \u017eino visus kult\u016bros centro tr\u016bkumus, poreikius, veiklas, stiprybes ir galimybes. D\u0117l \u0161ios prie\u017easties darbuotojai mano, kad ateityje, i\u0161kilus bet kokiems reikalams, klausimams ar problemoms, bus papras\u010diau jas spr\u0119sti. Taip pat Kelm\u0117s kult\u016bros centras turi stipresn\u0119 materialin\u0119 baz\u0119, tai b\u016bt\u0173 pagalba prijungtai \u012fstaigai: transportas, mobili scena.\u00a0 \u0160auk\u0117n\u0173 kult\u016bros ir amat\u0173 centro darbuotoj\u0173 i\u0161sakyta esmin\u0117 prie\u017eastis tapti Kelm\u0117s kult\u016bros centro skyriumi buvo \u012fvardinta tai, kad Kelm\u0117s kult\u016bros centras turi Etnin\u0117s kult\u016bros ir tradicini\u0173 amat\u0173 skyri\u0173, stipri\u0105 tradicini\u0173 amat\u0173 veiklos baz\u0119, dirba kvalifikuoti specialistai, kurie gal\u0117t\u0173 pasidalinti ger\u0105ja patirtimi ir pad\u0117ti stiprinti \u0160auk\u0117n\u0173 kult\u016bros ir amat\u0173 centro veikl\u0105. <\/p>\n\n\n\n<p class=\"has-text-align-right\">Kelmi\u0161kiams.lt, Pakra\u017ean\u010dio kult\u016bros centro nuotr.<\/p>\n","protected":false},"excerpt":{"rendered":"<p>Pra\u0117jusi\u0105 savait\u0119 Taryba pritar\u0117 reorganizuoti Pakra\u017ean\u010dio kult\u016bros centr\u0105 ir \u0160auk\u0117n\u0173 kult\u016bros ir amat\u0173 centr\u0105 juos prijungiant prie Kelm\u0117s kult\u016bros centro.<\/p>\n","protected":false},"author":2,"featured_media":2144,"comment_status":"open","ping_status":"open","sticky":false,"template":"","format":"standard","meta":{"om_disable_all_campaigns":false,"_mi_skip_tracking":false},"categories":[4],"tags":[],"aioseo_notices":[],"_links":{"self":[{"href":"https:\/\/kelmiskiams.lt\/index.php?rest_route=\/wp\/v2\/posts\/2143"}],"collection":[{"href":"https:\/\/kelmiskiams.lt\/index.php?rest_route=\/wp\/v2\/posts"}],"about":[{"href":"https:\/\/kelmiskiams.lt\/index.php?rest_route=\/wp\/v2\/types\/post"}],"author":[{"embeddable":true,"href":"https:\/\/kelmiskiams.lt\/index.php?rest_route=\/wp\/v2\/users\/2"}],"replies":[{"embeddable":true,"href":"https:\/\/kelmiskiams.lt\/index.php?rest_route=%2Fwp%2Fv2%2Fcomments&post=2143"}],"version-history":[{"count":1,"href":"https:\/\/kelmiskiams.lt\/index.php?rest_route=\/wp\/v2\/posts\/2143\/revisions"}],"predecessor-version":[{"id":2145,"href":"https:\/\/kelmiskiams.lt\/index.php?rest_route=\/wp\/v2\/posts\/2143\/revisions\/2145"}],"wp:featuredmedia":[{"embeddable":true,"href":"https:\/\/kelmiskiams.lt\/index.php?rest_route=\/wp\/v2\/media\/2144"}],"wp:attachment":[{"href":"https:\/\/kelmiskiams.lt\/index.php?rest_route=%2Fwp%2Fv2%2Fmedia&parent=2143"}],"wp:term":[{"taxonomy":"category","embeddable":true,"href":"https:\/\/kelmiskiams.lt\/index.php?rest_route=%2Fwp%2Fv2%2Fcategories&post=2143"},{"taxonomy":"post_tag","embeddable":true,"href":"https:\/\/kelmiskiams.lt\/index.php?rest_route=%2Fwp%2Fv2%2Ftags&post=2143"}],"curies":[{"name":"wp","href":"https:\/\/api.w.org\/{rel}","templated":true}]}}