{"id":2061,"date":"2023-08-21T07:14:27","date_gmt":"2023-08-21T07:14:27","guid":{"rendered":"https:\/\/kelmiskiams.lt\/?p=2061"},"modified":"2023-08-21T07:14:27","modified_gmt":"2023-08-21T07:14:27","slug":"atlyginimus-leis-dovanoms-ir-tobulejimui","status":"publish","type":"post","link":"https:\/\/kelmiskiams.lt\/?p=2061","title":{"rendered":"Atlyginimus leis dovanoms ir tobul\u0117jimui"},"content":{"rendered":"\n<p>Kelm\u0117s rajono savivaldyb\u0117s tarybos nariams i\u0161mok\u0117tas pirmasis darbo u\u017emokestis. Rajono politikai d\u017eiaugiasi ne ma\u017eesn\u0117mis nei pusseptinto \u0161imto eur\u0173 siekian\u010diomis i\u0161mokomis ir sako, kad tai tur\u0117jo b\u016bti padaryta jau anks\u010diau, nes Lietuvoje \u0161iemet kil\u0119s \u201e\u010dekiuk\u0173\u201c skandalas atskleid\u0117 daug problem\u0173 su i\u0161mokomis pagal anks\u010diau galiojusi\u0105 tvark\u0105. Kalbinti politikai \u012f\u017evelg\u0117 ir neigiam\u0105 \u0161io atlygio pus\u0119, kad atlyginimas gali b\u016bti mokamas ir u\u017e nieko neveikim\u0105, tod\u0117l atlyginimas tur\u0117t\u0173 b\u016bti mokamas u\u017e real\u0173 darb\u0105, o ne u\u017e pat\u012f fakt\u0105, kad ka\u017ekuris rajono gyventojas yra i\u0161rinktas Tarybos nariu.<\/p>\n\n\n\n<p>Kelm\u0117s rajono Tarybos nariams u\u017e darb\u0105 liepos m\u0117nes\u012f priskai\u010diuota beveik 28 t\u016bkstan\u010diai eur\u0173 atlyginimo. \u012e 24 politik\u0173 s\u0105skaitas i\u0161mok\u0117ta 17,5 t\u016bkstan\u010dio eur\u0173. Tarybos nar\u0117 Lina Samulyt\u0117 Kelmi\u0161kiams.lt sak\u0117 atlyginimo iki rugs\u0117jo m\u0117nesio yra atsisakiusi. Kaip <a href=\"https:\/\/kelmiskiams.lt\/?p=1733\" target=\"_blank\" rel=\"noopener\" title=\"\">Kelmi\u0161kiams.lt ra\u0161\u0117 anks\u010dia<\/a>u, \u017dali\u0173j\u0173 partijos nar\u0117 iki rudens turi darbini\u0173 santyki\u0173 u\u017esienyje.<\/p>\n\n\n\n<p>Opozicijos lyderis socialdemokratas Dainius Ivo\u0161kis nauj\u0105 darbo u\u017emokes\u010dio tvark\u0105 sak\u0117 vertinantis teigiamai, nes Tarybos nariai yra renkami ir dirba vie\u0161ojo intereso labui, o Tarybos nario statusas yra pana\u0161us \u012f Seimo nario.<\/p>\n\n\n\n<p>\u201e\u0160i\u0173 funkcij\u0173 atlikimui skiriame ne tik savo pagrindin\u0117s darboviet\u0117s darbo laik\u0105, bet ir savo laik\u0105, kur\u012f paprastai skirtume asmeniniams poreikiams, tad logi\u0161ka, kad u\u017e tai tur\u0117t\u0173 b\u016bti atlyginama. Be to, tai leis i\u0161vengti atskir\u0173 piktnaud\u017eiavimo atvej\u0173, kai kitose savivaldyb\u0117se Tarybos nariai galimai suk\u010diaudami pateikdavo apmok\u0117jimui ne savo <em>\u010dekiukus<\/em>, kuriuos v\u0117liau savivaldyb\u0117s apmok\u0117davo. Taip pat manau, kad nustatytas Tarybos nario atlyginimas teigiamai atsilieps kituose savivaldos rinkimuose, nes rajono gyventojus toks atlyginimas motyvuos savivaldos rinkimuose dalyvauti aktyviau ir leis i\u0161sirinkti Tarybos narius, kurie galb\u016bt bus labiau motyvuoti dirbti rajono labui\u201c, \u2013 sak\u0117 826 eurus atlyginimo (<em>red. \u2013 atskai\u010dius mokes\u010dius<\/em>) u\u017e liepos m\u0117nes\u012f gav\u0119s politikas.<\/p>\n\n\n\n<p>\u201eValstietis\u201c Eimantas Gajauskas sak\u0117 tikintis nauja atlyginimo tvarka, nes anks\u010diau ne u\u017e visk\u0105 buvo apmokama.<\/p>\n\n\n\n<p>\u201eIki naujos tvarkos \u012fsigaliojimo i\u0161leid\u017eiamos l\u0117\u0161os ir praleistas laikas ruo\u0161iantis Tarybos ar komitet\u0173 pos\u0117d\u017eiams da\u017enai neatitiko gaunamo atlygio. To prie\u017eastys buvo gan paprastos \u2013 savaranki\u0161kas ruo\u0161imasis i\u0161 esm\u0117s nebuvo apmokamas. Tod\u0117l teigiamai vertinu \u012fsigaliojusius poky\u010dius d\u0117l teisingesnio darbo apmok\u0117jimo. Beje, bus ma\u017eiau administracin\u0117s na\u0161tos ir gaunamas atlygis morali\u0161kai saistys dirbti atsakingiau. Taip pat viliuosi, kad rajono gyventojai, \u017einodami, kiek algos gauna Tarybos nariai, reikalaus didesn\u0117s atsakomyb\u0117s\u201c, \u2013 portalui sak\u0117 E. Gajauskas.<\/p>\n\n\n\n<p>E. Gajauskas minimalios m\u0117nesin\u0117s algos dyd\u017eio atlyginim\u0105 (656,67 Eur atskai\u010dius mokes\u010dius) teigia i\u0161leisiantis Tarybos nario veiklos i\u0161laidoms padengti bei prisid\u0117ti prie vietini\u0173 kult\u016bros, mokslo ar sporto rengini\u0173.<\/p>\n\n\n\n<p>E. Gajauskas nesl\u0117p\u0117, kad buvo kil\u0119 min\u010di\u0173 atsisakyti Tarybos nario atlyginimo,&nbsp; ta\u010diau suprato, kad atsisakius atlyginimo savivaldyb\u0117s biud\u017eete papildomai sutaupytos l\u0117\u0161os vargiai&nbsp; b\u016bt\u0173 panaudotos prasmingai.<\/p>\n\n\n\n<p>Beveik 700 eur\u0173 atlyginim\u0105 gav\u0119s Tarybos daugumai priklausantis Tadas Kasparas portalui teig\u0117 atlyg\u012f vertinantis kaip adekvat\u0173 ir proporcing\u0105 m\u0117nesio darbams bei patirtoms i\u0161laidoms. \u201eTarybos nariai patiria i\u0161laidas susisiekimui, kanceliarijos reikmenims, pagerbimo dovanoms, IT paslaugoms apmok\u0117ti, neskaitant papildom\u0173 pareig\u0173. Tam ir skirtas atlygis, kad Tarybos nariai nedisponuot\u0173 <em>\u010dekiukais<\/em>, nors m\u016bs\u0173 savivaldyb\u0117 ir taip buvo bei yra \u0161vari to skandalo kontekste\u201c, \u2013 sak\u0117 jauniausias Kelm\u0117s rajono savivaldyb\u0117s tarybos narys.<\/p>\n\n\n\n<p>T. Kasparas gauna ne tik Tarybos nario, bet Seimo nario pad\u0117j\u0117jo atlyginim\u0105. Tarybos nario alg\u0105 politikas ketina&nbsp; i\u0161leisti b\u016btiniausiems reikmenims vykdant Tarybos nario pareigas, kompetencij\u0173 ugdymui, tobul\u0117jimui.&nbsp;<\/p>\n\n\n\n<p>Ma\u017eiausias atlyginimas (atskai\u010dius mokes\u010dius) u\u017e liepos m\u0117nes\u012f Tarybos nariams siekia 656,67 Eur, o daugiausiai (914,15 Eur) gavo buv\u0119s LV\u017dS, o dabar \u201eLaisv\u0117 ir teisingumas\u201c partijai priklausantis Vytautas Barkauskas.&nbsp;<\/p>\n\n\n\n<p>Valstyb\u0117s duomen\u0173 agent\u016bros duomenimis, pra\u0117jusi\u0173 met\u0173 paskutin\u012f ketvirt\u012f rajone vidutinis darbo u\u017emokestis buvo 905,70 Eur (atskai\u010dius mokes\u010dius). I\u0161sami\u0105 Savivaldyb\u0117s administracijos informacij\u0105 apie Tarybos nari\u0173 atlyginimus<a href=\"https:\/\/www.kelme.lt\/administracija\/nuostatai-taisykles\/darbo-uzmokestis\/\" target=\"_blank\" rel=\"noopener\" title=\"\"> rasite \u010dia.<\/a><\/p>\n\n\n\n<p class=\"has-text-align-right\">Nerijus \u0160arauskas, Kelmi\u0161kiams.lt<\/p>\n","protected":false},"excerpt":{"rendered":"<p>Kelm\u0117s rajono savivaldyb\u0117s tarybos nariams i\u0161mok\u0117tas pirmasis darbo u\u017emokestis. Rajono politikai d\u017eiaugiasi ne ma\u017eesn\u0117mis nei pusseptinto \u0161imto eur\u0173 siekian\u010diomis i\u0161mokomis<\/p>\n","protected":false},"author":2,"featured_media":656,"comment_status":"open","ping_status":"open","sticky":false,"template":"","format":"standard","meta":{"om_disable_all_campaigns":false,"_mi_skip_tracking":false},"categories":[4],"tags":[],"aioseo_notices":[],"_links":{"self":[{"href":"https:\/\/kelmiskiams.lt\/index.php?rest_route=\/wp\/v2\/posts\/2061"}],"collection":[{"href":"https:\/\/kelmiskiams.lt\/index.php?rest_route=\/wp\/v2\/posts"}],"about":[{"href":"https:\/\/kelmiskiams.lt\/index.php?rest_route=\/wp\/v2\/types\/post"}],"author":[{"embeddable":true,"href":"https:\/\/kelmiskiams.lt\/index.php?rest_route=\/wp\/v2\/users\/2"}],"replies":[{"embeddable":true,"href":"https:\/\/kelmiskiams.lt\/index.php?rest_route=%2Fwp%2Fv2%2Fcomments&post=2061"}],"version-history":[{"count":1,"href":"https:\/\/kelmiskiams.lt\/index.php?rest_route=\/wp\/v2\/posts\/2061\/revisions"}],"predecessor-version":[{"id":2062,"href":"https:\/\/kelmiskiams.lt\/index.php?rest_route=\/wp\/v2\/posts\/2061\/revisions\/2062"}],"wp:featuredmedia":[{"embeddable":true,"href":"https:\/\/kelmiskiams.lt\/index.php?rest_route=\/wp\/v2\/media\/656"}],"wp:attachment":[{"href":"https:\/\/kelmiskiams.lt\/index.php?rest_route=%2Fwp%2Fv2%2Fmedia&parent=2061"}],"wp:term":[{"taxonomy":"category","embeddable":true,"href":"https:\/\/kelmiskiams.lt\/index.php?rest_route=%2Fwp%2Fv2%2Fcategories&post=2061"},{"taxonomy":"post_tag","embeddable":true,"href":"https:\/\/kelmiskiams.lt\/index.php?rest_route=%2Fwp%2Fv2%2Ftags&post=2061"}],"curies":[{"name":"wp","href":"https:\/\/api.w.org\/{rel}","templated":true}]}}