{"id":2033,"date":"2023-08-10T07:42:02","date_gmt":"2023-08-10T07:42:02","guid":{"rendered":"https:\/\/kelmiskiams.lt\/?p=2033"},"modified":"2023-08-10T07:42:02","modified_gmt":"2023-08-10T07:42:02","slug":"paroda-vasario-16-osios-svente-1919-1940-metais-susitelkimas-ateiciai","status":"publish","type":"post","link":"https:\/\/kelmiskiams.lt\/?p=2033","title":{"rendered":"Paroda <em>\u201eVasario 16-osios \u0161vent\u0117 1919-1940 metais: susitelkimas atei\u010diai\u201c<\/em>"},"content":{"rendered":"\n<p>Lietuvos nacionalinis muziejus ir Signatar\u0173 namai karantino metu pareng\u0117 ir Lietuvos bendruomen\u0117ms dovanoja kilnojam\u0105j\u0105 parod\u0105 apie Vasario 16-osios \u0161vent\u0119 ir jos min\u0117jimo tradicijas 1919\u20131940 metais. Specialiai \u0161iai parodai muziejininkai suk\u016br\u0117 ir nuotaiking\u0105 edukacij\u0105 pagal ra\u0161ytojo Antano Vienuolio tarpukariu skelbtas vizijas ir prana\u0161ystes, kaip Vasario 16-oji atrodys po \u0161imto met\u0173, t. y. dabar.<strong> <\/strong>Rengdami \u0161i\u0105 parod\u0105 kolegos i\u0161 Signatar\u0173 nam\u0173 siek\u0117, kad \u012fdomus, bet pla\u010diai ne\u017einomas kult\u016brinis paveldas tapt\u0173 prieinamas visos Lietuvos \u017emon\u0117ms.<\/p>\n\n\n\n<p>Parodoje pasakojama, kaip Vasario 16-oji b\u016bdavo \u0161ven\u010diama tarpukario Lietuvos Respublikoje. Vasario 16-oji buvo pirmoji ir vienintel\u0117 per vis\u0105 Nepriklausomyb\u0117s laikotarp\u012f i\u0161likusi valstybin\u0117 \u0161vent\u0117: kitos atsirasdavo ir nunykdavo, keit\u0117si j\u0173 datos. Oficialia \u0161vente, Nepriklausomos Lietuvos valstyb\u0117s paskelbimo diena, Vasario 16-oji tapo 1920 metais. Kartais publicisti\u0161kai ji buvo vadinama Tautos \u0161vente.<\/p>\n\n\n\n<p>Paroda primins jau dingusius Vasario 16-osios \u0161vent\u0117s \u017eenklus, kurie anuomet b\u016bdavo \u012fprasti, ir nukels ne tik \u012f tuometin\u0119 sostin\u0119 Kaun\u0105, bet ir \u012f Alyt\u0173, Vilkavi\u0161k\u012f, Klaip\u0117d\u0105, Lauk\u017eem\u0119, Luok\u0119, Joni\u0161k\u012f, Raguv\u0105, Zarasus, netgi \u012f \u010cikag\u0105 ir Buenos Aires. Vasario 16-osios nuotraukose \u2013 susikaup\u0119, d\u017eiug\u016bs ne tik valstyb\u0117s k\u016br\u0117jai ir vadovai, bet ir smalsiai \u012f kamer\u0105 \u017evelgiantys kukliai apsireng\u0119 \u017emon\u0117s.<\/p>\n\n\n\n<p>Parod\u0105 kelion\u0117ms po Lietuv\u0105 pritaik\u0117 architekt\u0117 Ieva Cic\u0117nait\u0117. Jos sukurtas kompakti\u0161kas ir patogus, \u012f stilizuot\u0105 senovin\u0119 komod\u0105 pana\u0161us kilnojamosios parodos baldas net savo forma liudija apie paveldo pritaikomum\u0105 ir aktualum\u0105 \u0161iuolaikiniame pasaulyje.<\/p>\n\n\n\n<p>Paroda <em>\u201eVasario 16-osios \u0161vent\u0117 1919-1940 metais: susitelkimas atei\u010diai\u201c<\/em> bus eksponuojama<em> <\/em>Kra\u017ei\u0173 M. K. Sarbievijaus kult\u016bros centro muziejuje (1 auk\u0161te) rugpj\u016b\u010dio 10 d. \u2013 spalio 27 d. <em><\/em><\/p>\n\n\n\n<p class=\"has-text-align-right\">Kelmi\u0161kiams.lt inf.<\/p>\n","protected":false},"excerpt":{"rendered":"<p>Lietuvos nacionalinis muziejus ir Signatar\u0173 namai karantino metu pareng\u0117 ir Lietuvos bendruomen\u0117ms dovanoja kilnojam\u0105j\u0105 parod\u0105 apie Vasario 16-osios \u0161vent\u0119 ir<\/p>\n","protected":false},"author":2,"featured_media":2034,"comment_status":"open","ping_status":"open","sticky":false,"template":"","format":"standard","meta":{"om_disable_all_campaigns":false,"_mi_skip_tracking":false},"categories":[7],"tags":[],"aioseo_notices":[],"_links":{"self":[{"href":"https:\/\/kelmiskiams.lt\/index.php?rest_route=\/wp\/v2\/posts\/2033"}],"collection":[{"href":"https:\/\/kelmiskiams.lt\/index.php?rest_route=\/wp\/v2\/posts"}],"about":[{"href":"https:\/\/kelmiskiams.lt\/index.php?rest_route=\/wp\/v2\/types\/post"}],"author":[{"embeddable":true,"href":"https:\/\/kelmiskiams.lt\/index.php?rest_route=\/wp\/v2\/users\/2"}],"replies":[{"embeddable":true,"href":"https:\/\/kelmiskiams.lt\/index.php?rest_route=%2Fwp%2Fv2%2Fcomments&post=2033"}],"version-history":[{"count":1,"href":"https:\/\/kelmiskiams.lt\/index.php?rest_route=\/wp\/v2\/posts\/2033\/revisions"}],"predecessor-version":[{"id":2035,"href":"https:\/\/kelmiskiams.lt\/index.php?rest_route=\/wp\/v2\/posts\/2033\/revisions\/2035"}],"wp:featuredmedia":[{"embeddable":true,"href":"https:\/\/kelmiskiams.lt\/index.php?rest_route=\/wp\/v2\/media\/2034"}],"wp:attachment":[{"href":"https:\/\/kelmiskiams.lt\/index.php?rest_route=%2Fwp%2Fv2%2Fmedia&parent=2033"}],"wp:term":[{"taxonomy":"category","embeddable":true,"href":"https:\/\/kelmiskiams.lt\/index.php?rest_route=%2Fwp%2Fv2%2Fcategories&post=2033"},{"taxonomy":"post_tag","embeddable":true,"href":"https:\/\/kelmiskiams.lt\/index.php?rest_route=%2Fwp%2Fv2%2Ftags&post=2033"}],"curies":[{"name":"wp","href":"https:\/\/api.w.org\/{rel}","templated":true}]}}