{"id":2020,"date":"2023-08-02T07:08:34","date_gmt":"2023-08-02T07:08:34","guid":{"rendered":"https:\/\/kelmiskiams.lt\/?p=2020"},"modified":"2023-08-02T07:25:56","modified_gmt":"2023-08-02T07:25:56","slug":"aistros-del-savivaldybes-istaigu-vadovu","status":"publish","type":"post","link":"https:\/\/kelmiskiams.lt\/?p=2020","title":{"rendered":"Aistros d\u0117l savivaldyb\u0117s \u012fstaig\u0173 vadov\u0173"},"content":{"rendered":"\n<p>Pastaruoju metu savivaldyb\u0117s \u012fstaigose kei\u010diasi vadovai. Pirm\u0105j\u0105 rugpj\u016b\u010dio dien\u0105 pareigas eiti prad\u0117jo naujoji Kelm\u0117s kult\u016bros centro direktor\u0117 Laima Lapinskien\u0117, rugpj\u016b\u010dio 22 d. Kelm\u0117s rajono \u017demait\u0117s vie\u0161ajai bibliotekai prad\u0117s vadovauti Ginta Maziliauskien\u0117, o ruden\u012f bus skelbiamas Kelm\u0117s ma\u017eojo teatro vadovo konkursas. Kaip ir \u012fprasta rajone, savivaldyb\u0117s \u012fstaig\u0173 ar \u012fmoni\u0173 konkursai retai kada praeina be koki\u0173 nors didesni\u0173 ar ma\u017eesni\u0173 nesusipratim\u0173.<\/p>\n\n\n\n<p>Jei bibliotekos konkursas pavyko be didesnio nepasitenkinimo ir visuomen\u0117s diskusij\u0173 socialiniuose tinkluose, tai konkursas \u012f Kelm\u0117s kult\u016bros centro vadovo pozicij\u0105 <em>k\u0117l\u0117 audras.<\/em> \u0160ios nuo gaisro sausio m\u0117nes\u012f nukent\u0117jusios \u012fstaigos vadovo pareig\u0173 siek\u0117 dvi kandidat\u0117s \u2013 Kelm\u0117s kult\u016bros centre administratore dirbanti Ingrida Maleckien\u0117 ir dabar jau buvusi Pakra\u017ean\u010dio kult\u016bros centro vadov\u0117 Laima Lapinskien\u0117.  Pasak konkurso organizatori\u0173, abi kandidat\u0117s konkurse pasirod\u0117 gerai, ta\u010diau, kaip ir Kelmi\u0161kiams.lt patikino savivaldyb\u0117s meras Ildefonsas Petkevi\u010dius, laim\u0117jusi kandidat\u0117 turi magistro laipsn\u012f. Galb\u016bt akyl\u0173 socialini\u0173 tinkl\u0173 skaitytoj\u0173 \u012ftarim\u0173 \u0161io konkurso organizavimu ir neb\u016bt\u0173 kil\u0119, jei apie konkurs\u0105 b\u016bt\u0173 buv\u0119 informuota kaip ir apie kitus: skelbimas savivaldyb\u0117s tinklapyje pasirod\u0117 v\u0117liau nei buvo paskelbta Valstyb\u0117s valdymo agent\u016bros tinklapyje, o ir Pakra\u017ean\u010dio kult\u016bros centras yra labai sietinas su politik\u0173 palaikomais ry\u0161iais, merui artima politine aplinka. \u0160iame centre da\u017eni kult\u016briniai ir bendruomen\u0117s renginiai neapsieina be politik\u0173 paramos ar r\u0117mimo.<\/p>\n\n\n\n<p>Tyliai ir be audr\u0173 pra\u0117jo konkursas \u017demait\u0117s vie\u0161osios bibliotekos direktoriaus pareigoms u\u017eimti. Pirm\u0105 kart\u0105 skelbtame konkurse kandidat\u0173 neatsirado, ta\u010diau antr\u0105 syk\u012f jame ketino dalyvauti dvi kandidat\u0117s \u2013 Elvyravos pagrindinei mokyklai vadovaujanti Ginta Maziliauskien\u0117 ir buvusi Akmen\u0117s bibliotekos vadov\u0117. Pastarajai \u012f konkurs\u0105 neatvykus, konkurse dalyvavo tik G. Maziliausien\u0117.  <\/p>\n\n\n\n<p>Audros ir nepasitenkinimas kult\u016bros ir meno bendruomen\u0117je kyla ir d\u0117l ruden\u012f kadencij\u0105 baigian\u010dio Ma\u017eojo teatro vadovo Algimanto Armono, kuriam darbo sutartis nebus t\u0119siama. Pra\u0117jusi\u0105 savait\u0119 <a href=\"https:\/\/www.biciulis.net\/taryboje-diskusija-del-a-armono\/\" target=\"_blank\" rel=\"noopener\" title=\"\">laikra\u0161tyje \u201eBi\u010diulis\u201c A. Armonas teig\u0117<\/a> nesilaikantis pareig\u0173, ta\u010diau pergyvena d\u0117l teatro likimo, kuris po toki\u0173 staigi\u0173 permain\u0173 gali subyr\u0117ti. Pensijinio am\u017eiaus A. Armonas yra vienintelis vadovas, kuris teatrui vadovauja nuo jo \u012fk\u016brimo. <\/p>\n\n\n\n<p>Savivaldyb\u0117s meras stebisi tokiu teatro vadovo nuog\u0105stavimu ir teigia, kad niekas jam nedraud\u017eia dalyvauti konkurse. <\/p>\n\n\n\n<p class=\"has-text-align-right\">Nerijus \u0160arauskas, Kelmi\u0161kiams.lt<\/p>\n\n\n\n<p><\/p>\n","protected":false},"excerpt":{"rendered":"<p>Pastaruoju metu savivaldyb\u0117s \u012fstaigose kei\u010diasi vadovai. Pirm\u0105j\u0105 rugpj\u016b\u010dio dien\u0105 pareigas eiti prad\u0117jo naujoji Kelm\u0117s kult\u016bros centro direktor\u0117 Laima Lapinskien\u0117, rugpj\u016b\u010dio<\/p>\n","protected":false},"author":2,"featured_media":483,"comment_status":"open","ping_status":"open","sticky":false,"template":"","format":"standard","meta":{"om_disable_all_campaigns":false,"_mi_skip_tracking":false},"categories":[4],"tags":[],"aioseo_notices":[],"_links":{"self":[{"href":"https:\/\/kelmiskiams.lt\/index.php?rest_route=\/wp\/v2\/posts\/2020"}],"collection":[{"href":"https:\/\/kelmiskiams.lt\/index.php?rest_route=\/wp\/v2\/posts"}],"about":[{"href":"https:\/\/kelmiskiams.lt\/index.php?rest_route=\/wp\/v2\/types\/post"}],"author":[{"embeddable":true,"href":"https:\/\/kelmiskiams.lt\/index.php?rest_route=\/wp\/v2\/users\/2"}],"replies":[{"embeddable":true,"href":"https:\/\/kelmiskiams.lt\/index.php?rest_route=%2Fwp%2Fv2%2Fcomments&post=2020"}],"version-history":[{"count":3,"href":"https:\/\/kelmiskiams.lt\/index.php?rest_route=\/wp\/v2\/posts\/2020\/revisions"}],"predecessor-version":[{"id":2024,"href":"https:\/\/kelmiskiams.lt\/index.php?rest_route=\/wp\/v2\/posts\/2020\/revisions\/2024"}],"wp:featuredmedia":[{"embeddable":true,"href":"https:\/\/kelmiskiams.lt\/index.php?rest_route=\/wp\/v2\/media\/483"}],"wp:attachment":[{"href":"https:\/\/kelmiskiams.lt\/index.php?rest_route=%2Fwp%2Fv2%2Fmedia&parent=2020"}],"wp:term":[{"taxonomy":"category","embeddable":true,"href":"https:\/\/kelmiskiams.lt\/index.php?rest_route=%2Fwp%2Fv2%2Fcategories&post=2020"},{"taxonomy":"post_tag","embeddable":true,"href":"https:\/\/kelmiskiams.lt\/index.php?rest_route=%2Fwp%2Fv2%2Ftags&post=2020"}],"curies":[{"name":"wp","href":"https:\/\/api.w.org\/{rel}","templated":true}]}}