{"id":2006,"date":"2023-07-22T06:02:00","date_gmt":"2023-07-22T06:02:00","guid":{"rendered":"https:\/\/kelmiskiams.lt\/?p=2006"},"modified":"2023-07-21T07:04:26","modified_gmt":"2023-07-21T07:04:26","slug":"padekos-rastas-ir-premija-rajono-policijos-pareigunei","status":"publish","type":"post","link":"https:\/\/kelmiskiams.lt\/?p=2006","title":{"rendered":"Pad\u0117kos ra\u0161tas ir premija rajono policijos pareig\u016bnei"},"content":{"rendered":"\n<p>Kelm\u0117s rajono policijos komisariato Veiklos skyriaus vir\u0161inink\u0117 Danut\u0117 Jakubkien\u0117 sulauk\u0117 Vidaus reikal\u0173 viceministro Vitalijaus Dmitrijevo kvietimo liepos 26 dien\u0105 atvykti \u012f Lietuvos Respublikos vidaus reikal\u0173 ministerijoje vyksiant\u012f NUSIKALTIM\u0172 IR KIT\u0172 TEIS\u0116S PA\u017dEIDIM\u0172 PREVENCIJOS PROJEKT\u0172 IR BENDRUOMENI\u0172 INICIATYV\u0172 GEROSIOS PRAKTIKOS KONKURSO baigiam\u0105j\u012f rengin\u012f. \u010cia jai bus \u012fteiktas pad\u0117kos ra\u0161tas ir 800 eur\u0173 premija u\u017e konkursui pateikt\u0105 projekt\u0105 \u201eB\u016bk Saugus Kelm\u0117s rajone\u201c.<\/p>\n\n\n\n<p>Did\u017eiul\u0119 patirt\u012f, rengiant prevencinius projektus, turinti ilg\u0105 laik\u0105 \u0160iauli\u0173 miesto ir rajono policijos komisariate bendruomen\u0117s pareig\u016bn\u0173 grupei vadovavusi Danut\u0117 Jakubkien\u0117 \u0161ios veiklos neu\u017emir\u0161o, nors dabartin\u0117s pareigos jos ir ne\u012fpareigoja to daryti.<\/p>\n\n\n\n<p>\u0160is konkursas nebuvo skirtas b\u016bsimo projekto finansavimui gauti. Tai buvo vykdyt\u0173 arba tebevykdom\u0173 (gerosios praktikos) projekt\u0173 ir bendruomeni\u0173 iniciatyv\u0173 \u012fvertinimo konkursas. Jam teikiami projektai buvo dviem temomis. Viena -\u201ePaty\u010di\u0173 tarp nepilname\u010di\u0173 (internete ir (ar) realiame gyvenime) prevencija\u201c, kita &#8211; \u201eCOVID-19: vaik\u0173 seksualinio i\u0161naudojimo internete prevencija\u201c.<\/p>\n\n\n\n<p>Pagal pirm\u0105j\u0105 tem\u0105 tur\u0117jo b\u016bti pateikti projektai, kuri\u0173 prevencin\u0117mis veiklomis siekiama ma\u017einti paty\u010di\u0173 mast\u0105 mokyklose, kitose vaik\u0173 susitikim\u0173 ir bendravimo vietose ir internetin\u0117je erdv\u0117je, keisti po\u017ei\u016br\u012f \u012f paty\u010dias, \u0161viesti vaikus apie galimas paty\u010di\u0173 (elektronini\u0173 ir realiame gyvenime) formas, tinkam\u0105 bendravim\u0105 ir saug\u0173 elges\u012f elektronin\u0117je erdv\u0117je.<\/p>\n\n\n\n<p>Antroji tema ap\u0117m\u0117 projektus, kuri\u0173 prevencin\u0117mis veiklomis siekiama u\u017ekirsti keli\u0105 vaik\u0173 seksualiniam i\u0161naudojimui internete, didinti vaik\u0173 ir suaugusi\u0173j\u0173 informavim\u0105 apie atsaking\u0105 elges\u012f internete, stiprinti kontrol\u0117s (aptikimo) priemones ir pan.<\/p>\n\n\n\n<p>B\u016btent seksualinio pob\u016bd\u017eio nusikalstam\u0173 veik\u0173 prevencijai ir buvo skirtas Danut\u0117s Jakubkien\u0117s parengtas projektas, ap\u0117m\u0119s bendruomen\u0117s lygio priemones bei bendradarbiavim\u0105.<\/p>\n\n\n\n<p class=\"has-text-align-right\">Kelmi\u0161kiams.lt inf.<\/p>\n","protected":false},"excerpt":{"rendered":"<p>Kelm\u0117s rajono policijos komisariato Veiklos skyriaus vir\u0161inink\u0117 Danut\u0117 Jakubkien\u0117 sulauk\u0117 Vidaus reikal\u0173 viceministro Vitalijaus Dmitrijevo kvietimo liepos 26 dien\u0105 atvykti<\/p>\n","protected":false},"author":2,"featured_media":2007,"comment_status":"open","ping_status":"open","sticky":false,"template":"","format":"standard","meta":{"om_disable_all_campaigns":false,"_mi_skip_tracking":false},"categories":[5],"tags":[],"aioseo_notices":[],"_links":{"self":[{"href":"https:\/\/kelmiskiams.lt\/index.php?rest_route=\/wp\/v2\/posts\/2006"}],"collection":[{"href":"https:\/\/kelmiskiams.lt\/index.php?rest_route=\/wp\/v2\/posts"}],"about":[{"href":"https:\/\/kelmiskiams.lt\/index.php?rest_route=\/wp\/v2\/types\/post"}],"author":[{"embeddable":true,"href":"https:\/\/kelmiskiams.lt\/index.php?rest_route=\/wp\/v2\/users\/2"}],"replies":[{"embeddable":true,"href":"https:\/\/kelmiskiams.lt\/index.php?rest_route=%2Fwp%2Fv2%2Fcomments&post=2006"}],"version-history":[{"count":1,"href":"https:\/\/kelmiskiams.lt\/index.php?rest_route=\/wp\/v2\/posts\/2006\/revisions"}],"predecessor-version":[{"id":2008,"href":"https:\/\/kelmiskiams.lt\/index.php?rest_route=\/wp\/v2\/posts\/2006\/revisions\/2008"}],"wp:featuredmedia":[{"embeddable":true,"href":"https:\/\/kelmiskiams.lt\/index.php?rest_route=\/wp\/v2\/media\/2007"}],"wp:attachment":[{"href":"https:\/\/kelmiskiams.lt\/index.php?rest_route=%2Fwp%2Fv2%2Fmedia&parent=2006"}],"wp:term":[{"taxonomy":"category","embeddable":true,"href":"https:\/\/kelmiskiams.lt\/index.php?rest_route=%2Fwp%2Fv2%2Fcategories&post=2006"},{"taxonomy":"post_tag","embeddable":true,"href":"https:\/\/kelmiskiams.lt\/index.php?rest_route=%2Fwp%2Fv2%2Ftags&post=2006"}],"curies":[{"name":"wp","href":"https:\/\/api.w.org\/{rel}","templated":true}]}}