{"id":200,"date":"2022-10-14T16:44:20","date_gmt":"2022-10-14T16:44:20","guid":{"rendered":"https:\/\/kelmiskiams.lt\/?p=200"},"modified":"2022-10-17T05:24:15","modified_gmt":"2022-10-17T05:24:15","slug":"liberalai-kandidatu-i-merus-siulo-e-kmita","status":"publish","type":"post","link":"https:\/\/kelmiskiams.lt\/?p=200","title":{"rendered":"Liberalai kandidatu \u012f merus si\u016blo E.Kmit\u0105"},"content":{"rendered":"\n<p>Penktadien\u012f pos\u0117d\u017eiavusi Lietuvos Respublikos liberal\u0173 s\u0105j\u016bd\u017eio Kelm\u0117s skyriaus taryba kandidatu \u012f Kelm\u0117s rajono savivaldyb\u0117s merus delegavo partiet\u012f, UAB \u201eAdminvalda\u201c direktori\u0173 Evald\u0105 Kmit\u0105. Kandidatas \u012f merus yra partijos skyriaus pirminink\u0117s pavaduotojas.<\/p>\n\n\n\n<p>36 met\u0173 liberalas iki \u0161iol nebuvo itin aktyvus vietos politikoje, nors dalyvavo 2015 ir 2019 met\u0173 savivaldos rinkimuose. Kelmi\u0161kiams.lt primena, kad partijos skyriaus pirminink\u0117 ir kelis kartus kandidatavusi \u012f Seim\u0105 bei merus Dalia Vili\u016bnien\u0117 kandidatuoti kovo 5 vyksian\u010diuose rinkimuose atsisak\u0117, ta\u010diau neatmeta galimyb\u0117s siekti Tarybos nario mandato. <\/p>\n\n\n\n<p><\/p>\n\n\n<figure class=\"wp-block-post-featured-image\"><img width=\"512\" height=\"622\" src=\"https:\/\/kelmiskiams.lt\/wp-content\/uploads\/2022\/10\/IMG_6496.jpg\" class=\"attachment-post-thumbnail size-post-thumbnail wp-post-image\" alt=\"\" decoding=\"async\" loading=\"lazy\" srcset=\"https:\/\/kelmiskiams.lt\/wp-content\/uploads\/2022\/10\/IMG_6496.jpg 512w, https:\/\/kelmiskiams.lt\/wp-content\/uploads\/2022\/10\/IMG_6496-247x300.jpg 247w\" sizes=\"(max-width: 512px) 100vw, 512px\" \/><\/figure>","protected":false},"excerpt":{"rendered":"<p>Penktadien\u012f pos\u0117d\u017eiavusi Lietuvos Respublikos liberal\u0173 s\u0105j\u016bd\u017eio Kelm\u0117s skyriaus taryba kandidatu \u012f Kelm\u0117s rajono savivaldyb\u0117s merus delegavo partiet\u012f, UAB \u201eAdminvalda\u201c direktori\u0173<\/p>\n","protected":false},"author":2,"featured_media":209,"comment_status":"open","ping_status":"open","sticky":false,"template":"","format":"standard","meta":{"om_disable_all_campaigns":false,"_mi_skip_tracking":false},"categories":[4],"tags":[],"aioseo_notices":[],"_links":{"self":[{"href":"https:\/\/kelmiskiams.lt\/index.php?rest_route=\/wp\/v2\/posts\/200"}],"collection":[{"href":"https:\/\/kelmiskiams.lt\/index.php?rest_route=\/wp\/v2\/posts"}],"about":[{"href":"https:\/\/kelmiskiams.lt\/index.php?rest_route=\/wp\/v2\/types\/post"}],"author":[{"embeddable":true,"href":"https:\/\/kelmiskiams.lt\/index.php?rest_route=\/wp\/v2\/users\/2"}],"replies":[{"embeddable":true,"href":"https:\/\/kelmiskiams.lt\/index.php?rest_route=%2Fwp%2Fv2%2Fcomments&post=200"}],"version-history":[{"count":8,"href":"https:\/\/kelmiskiams.lt\/index.php?rest_route=\/wp\/v2\/posts\/200\/revisions"}],"predecessor-version":[{"id":217,"href":"https:\/\/kelmiskiams.lt\/index.php?rest_route=\/wp\/v2\/posts\/200\/revisions\/217"}],"wp:featuredmedia":[{"embeddable":true,"href":"https:\/\/kelmiskiams.lt\/index.php?rest_route=\/wp\/v2\/media\/209"}],"wp:attachment":[{"href":"https:\/\/kelmiskiams.lt\/index.php?rest_route=%2Fwp%2Fv2%2Fmedia&parent=200"}],"wp:term":[{"taxonomy":"category","embeddable":true,"href":"https:\/\/kelmiskiams.lt\/index.php?rest_route=%2Fwp%2Fv2%2Fcategories&post=200"},{"taxonomy":"post_tag","embeddable":true,"href":"https:\/\/kelmiskiams.lt\/index.php?rest_route=%2Fwp%2Fv2%2Ftags&post=200"}],"curies":[{"name":"wp","href":"https:\/\/api.w.org\/{rel}","templated":true}]}}