{"id":1909,"date":"2023-06-22T06:39:54","date_gmt":"2023-06-22T06:39:54","guid":{"rendered":"https:\/\/kelmiskiams.lt\/?p=1909"},"modified":"2023-06-22T06:39:58","modified_gmt":"2023-06-22T06:39:58","slug":"politikai-infrastrukturos-mokesciui-nepritare","status":"publish","type":"post","link":"https:\/\/kelmiskiams.lt\/?p=1909","title":{"rendered":"Politikai infrastrukt\u016bros mokes\u010diui nepritar\u0117"},"content":{"rendered":"\n<p>Ketvirtadien\u012f Tarybos pos\u0117dyje Infrastrukt\u016bros mokes\u010diui rajono politikai nepritar\u0117. Frakcijos \u201eLaisv\u0117 ir teisingumas\u201c vardu pasisak\u0119s frakcijos seni\u016bnas Vytautas Barkauskas pra\u0161\u0117 nustatyti 1 euro mokest\u012f nepriklausomai nuo teriitorijos, ta\u010diau tik 12 nari\u0173 pritarimu, \u0161iam tarifui politikai nepritar\u0117. \u017dali\u0173j\u0173 partijos pirminink\u0117 Lina Samulyt\u0117 Tarybai pasi\u016bl\u0117 palaukti, kol bus patvirtintas bendrasis rajono planas, o Demokrat\u0173 s\u0105jungos atstov\u0117 Jolita Koryznien\u0117 teig\u0117, kad bet kok\u012f mokest\u012f  reikia \u012fvertinti: kokia nauda, kiek jo bus surinkta, kaip paveiks rajono investicin\u012f patrauklum\u0105. Tarybos opozicijos lyderis Dainius Ivo\u0161kis Tarybos nariams sak\u0117, kad surenkamo mokes\u010dio suma nebus didel\u0117, ne\u017einoma jo ekonomin\u0117 nauda. Dvi \u017dali\u0173j\u0173 partijos atstov\u0117s ir penki socialdemokratai balsavime susilaik\u0117, o naujai prisiekusi Neringa Bagdonavi\u010dien\u0117 ir frakcijos \u201eAuganti Kelm\u0117\u201c nariai balsavo prie\u0161 infrastrukt\u016bros mokes\u010dio tarifo nustatym\u0105. \u0160iam mokes\u010diui nepritarta ir u\u017e statomus ar rekonstruojamus pastatus jo mok\u0117ti nereik\u0117s.<\/p>\n\n\n\n<p><a href=\"https:\/\/kelmiskiams.lt\/?p=1879\" target=\"_blank\" rel=\"noopener\" title=\"\">Kelmi\u0161kiams.lt jau skelb\u0117<\/a>, kad politikams pri\u0117mus sprendim\u0105, Kelm\u0117s ir Tytuv\u0117n\u0173 miest\u0173 teritorijose norintys statyti arba rekonstruoti pastatus arba in\u017einerinius statinius, b\u016bt\u0173 tek\u0119 mok\u0117j\u0119 2 eurus u\u017e kvadratin\u012f metr\u0105. Tuo tarpu kitose rajono vietov\u0117se gyventojai ir verslininkai mok\u0117t\u0173 dvigubai \u2013 4 eurus \u00a0u\u017e kvadratin\u012f metr\u0105. Politik\u0173 periferijoje ne pirm\u0105 kart\u0105 liko U\u017even\u010dio miestas, jis priskirtas <em>brangiajai kaimo teritorijai<\/em>. Taip galimai yra d\u0117l to, kad savivaldyb\u0117 neturi patikslinto ir patvirtinto rajono bendrojo plano, kurio procesas u\u017etrukt\u0173 metus ar daugiau.<\/p>\n\n\n<div class=\"wp-block-image\">\n<figure class=\"aligncenter size-full\"><img decoding=\"async\" loading=\"lazy\" width=\"970\" height=\"518\" src=\"https:\/\/kelmiskiams.lt\/wp-content\/uploads\/2023\/06\/balsavimas1-1.png\" alt=\"\" class=\"wp-image-1911\" srcset=\"https:\/\/kelmiskiams.lt\/wp-content\/uploads\/2023\/06\/balsavimas1-1.png 970w, https:\/\/kelmiskiams.lt\/wp-content\/uploads\/2023\/06\/balsavimas1-1-300x160.png 300w, https:\/\/kelmiskiams.lt\/wp-content\/uploads\/2023\/06\/balsavimas1-1-768x410.png 768w\" sizes=\"(max-width: 970px) 100vw, 970px\" \/><figcaption class=\"wp-element-caption\">Balsavimo rezultatai. \/Stop kadras\/<\/figcaption><\/figure><\/div>\n\n\n<p class=\"has-text-align-right\">Nerijus \u0160arauskas, Kelmi\u0161kiams.lt, Pexels.com nuotr.<\/p>\n","protected":false},"excerpt":{"rendered":"<p>Ketvirtadien\u012f Tarybos pos\u0117dyje Infrastrukt\u016bros mokes\u010diui rajono politikai nepritar\u0117. Frakcijos \u201eLaisv\u0117 ir teisingumas\u201c vardu pasisak\u0119s frakcijos seni\u016bnas Vytautas Barkauskas pra\u0161\u0117 nustatyti<\/p>\n","protected":false},"author":2,"featured_media":1657,"comment_status":"open","ping_status":"open","sticky":false,"template":"","format":"standard","meta":{"om_disable_all_campaigns":false,"_mi_skip_tracking":false},"categories":[4],"tags":[],"aioseo_notices":[],"_links":{"self":[{"href":"https:\/\/kelmiskiams.lt\/index.php?rest_route=\/wp\/v2\/posts\/1909"}],"collection":[{"href":"https:\/\/kelmiskiams.lt\/index.php?rest_route=\/wp\/v2\/posts"}],"about":[{"href":"https:\/\/kelmiskiams.lt\/index.php?rest_route=\/wp\/v2\/types\/post"}],"author":[{"embeddable":true,"href":"https:\/\/kelmiskiams.lt\/index.php?rest_route=\/wp\/v2\/users\/2"}],"replies":[{"embeddable":true,"href":"https:\/\/kelmiskiams.lt\/index.php?rest_route=%2Fwp%2Fv2%2Fcomments&post=1909"}],"version-history":[{"count":1,"href":"https:\/\/kelmiskiams.lt\/index.php?rest_route=\/wp\/v2\/posts\/1909\/revisions"}],"predecessor-version":[{"id":1912,"href":"https:\/\/kelmiskiams.lt\/index.php?rest_route=\/wp\/v2\/posts\/1909\/revisions\/1912"}],"wp:featuredmedia":[{"embeddable":true,"href":"https:\/\/kelmiskiams.lt\/index.php?rest_route=\/wp\/v2\/media\/1657"}],"wp:attachment":[{"href":"https:\/\/kelmiskiams.lt\/index.php?rest_route=%2Fwp%2Fv2%2Fmedia&parent=1909"}],"wp:term":[{"taxonomy":"category","embeddable":true,"href":"https:\/\/kelmiskiams.lt\/index.php?rest_route=%2Fwp%2Fv2%2Fcategories&post=1909"},{"taxonomy":"post_tag","embeddable":true,"href":"https:\/\/kelmiskiams.lt\/index.php?rest_route=%2Fwp%2Fv2%2Ftags&post=1909"}],"curies":[{"name":"wp","href":"https:\/\/api.w.org\/{rel}","templated":true}]}}