{"id":1842,"date":"2023-05-31T06:34:12","date_gmt":"2023-05-31T06:34:12","guid":{"rendered":"https:\/\/kelmiskiams.lt\/?p=1842"},"modified":"2023-05-31T06:35:14","modified_gmt":"2023-05-31T06:35:14","slug":"policija-iesko-dvieju-i-namus-negriztanciu-jaunuoliu","status":"publish","type":"post","link":"https:\/\/kelmiskiams.lt\/?p=1842","title":{"rendered":"Policija ie\u0161ko dviej\u0173 \u012f namus negr\u012f\u017etan\u010di\u0173 jaunuoli\u0173"},"content":{"rendered":"\n<p>I\u0161 savo gyvenamosios vietos Kelm\u0117s rajono vaiko ir \u0161eimos gerov\u0117s centro bendruomenini\u0173 vaik\u0173 globos namuose gegu\u017e\u0117s 29 d. vakar\u0105 i\u0161\u0117jo  ir negr\u012f\u017eta 2005 metai gim\u0119s globotinis. Kaip prane\u0161a Tel\u0161i\u0173 AVPK, vaikinas yra 175 cm \u016bgio, vidutinio k\u016bno sud\u0117jimo, trump\u0173 rusv\u0173 plauk\u0173. Vilk\u0117jo \u0161viesiai pilkos spalvos d\u017einsines kelnes ir languotus mar\u0161kinius. I\u0161 nam\u0173 sekmadienio vakar\u0105 i\u0161\u0117jo ir negr\u012f\u017eta ir 2005 metais gimusi mergina. Dingusios merginos po\u017eymiai: 162 cm \u016bgio, vidutinio k\u016bno sud\u0117jimo, juod\u0173 iki pe\u010di\u0173 plauk\u0173, turi auskarus nosyje ir apatin\u0117je l\u016bpoje, rankos tatuiruotos.<\/p>\n\n\n\n<p class=\"has-text-align-right\">\u201eKelmi\u0161kiams.lt\u201c inf.<\/p>\n","protected":false},"excerpt":{"rendered":"<p>I\u0161 savo gyvenamosios vietos Kelm\u0117s rajono vaiko ir \u0161eimos gerov\u0117s centro bendruomenini\u0173 vaik\u0173 globos namuose gegu\u017e\u0117s 29 d. vakar\u0105 i\u0161\u0117jo<\/p>\n","protected":false},"author":2,"featured_media":261,"comment_status":"open","ping_status":"open","sticky":false,"template":"","format":"standard","meta":{"om_disable_all_campaigns":false,"_mi_skip_tracking":false},"categories":[9],"tags":[],"aioseo_notices":[],"_links":{"self":[{"href":"https:\/\/kelmiskiams.lt\/index.php?rest_route=\/wp\/v2\/posts\/1842"}],"collection":[{"href":"https:\/\/kelmiskiams.lt\/index.php?rest_route=\/wp\/v2\/posts"}],"about":[{"href":"https:\/\/kelmiskiams.lt\/index.php?rest_route=\/wp\/v2\/types\/post"}],"author":[{"embeddable":true,"href":"https:\/\/kelmiskiams.lt\/index.php?rest_route=\/wp\/v2\/users\/2"}],"replies":[{"embeddable":true,"href":"https:\/\/kelmiskiams.lt\/index.php?rest_route=%2Fwp%2Fv2%2Fcomments&post=1842"}],"version-history":[{"count":2,"href":"https:\/\/kelmiskiams.lt\/index.php?rest_route=\/wp\/v2\/posts\/1842\/revisions"}],"predecessor-version":[{"id":1844,"href":"https:\/\/kelmiskiams.lt\/index.php?rest_route=\/wp\/v2\/posts\/1842\/revisions\/1844"}],"wp:featuredmedia":[{"embeddable":true,"href":"https:\/\/kelmiskiams.lt\/index.php?rest_route=\/wp\/v2\/media\/261"}],"wp:attachment":[{"href":"https:\/\/kelmiskiams.lt\/index.php?rest_route=%2Fwp%2Fv2%2Fmedia&parent=1842"}],"wp:term":[{"taxonomy":"category","embeddable":true,"href":"https:\/\/kelmiskiams.lt\/index.php?rest_route=%2Fwp%2Fv2%2Fcategories&post=1842"},{"taxonomy":"post_tag","embeddable":true,"href":"https:\/\/kelmiskiams.lt\/index.php?rest_route=%2Fwp%2Fv2%2Ftags&post=1842"}],"curies":[{"name":"wp","href":"https:\/\/api.w.org\/{rel}","templated":true}]}}