{"id":182,"date":"2022-10-11T13:17:50","date_gmt":"2022-10-11T13:17:50","guid":{"rendered":"https:\/\/kelmiskiams.lt\/?p=182"},"modified":"2022-10-11T13:20:22","modified_gmt":"2022-10-11T13:20:22","slug":"ar-atmeni","status":"publish","type":"post","link":"https:\/\/kelmiskiams.lt\/?p=182","title":{"rendered":"\u201eAr atmeni?\u201c\u00a0"},"content":{"rendered":"\n<p>Pakra\u017ean\u010dio kult\u016bros centre vyko Kelm\u0117s rajone dirbusi\u0173 ir dirban\u010di\u0173 kult\u016bros darbuotoj\u0173 susitikimas \u201eAr atmeni?\u201c.<\/p>\n\n\n\n<p>\u0160io renginio pavadinimo \u017eod\u017eiai visus sugr\u0105\u017eino \u012f praeit\u012f, tolim\u0105 ar nelabai tolim\u0105. \u012e prisiminimus, kuriuos branginame savo atmintyje ir \u0161irdyse. Buvo prisiminti ir pagerbti i\u0161\u0117j\u0119 anapilin.<\/p>\n\n\n\n<p>Gra\u017ei\u0173 \u017eod\u017ei\u0173 u\u017e kiekvieno ind\u0117l\u012f \u012f Kelm\u0117s kra\u0161to kult\u016brin\u012f gyvenim\u0105 negail\u0117jo Kelm\u0117s rajono savivaldyb\u0117s atstovai, sve\u010diai. Renginio \u0161eimininkai, pakra\u017eanti\u0161kiai, inicijavo nominacij\u0173 teikim\u0105 kolegoms.<\/p>\n\n\n\n<p>\u0160vent\u0117s nuotaik\u0105 k\u016br\u0117 kult\u016bros centr\u0173 meno kolektyv\u0173 nuostab\u016bs pasirodymai. Nuo\u0161ird\u017eiai d\u0117kojame visiems, prisid\u0117jusiems ir k\u016brusiems \u0161i\u0105 puiki\u0105 \u0161vent\u0119.<\/p>\n\n\n\n<p><em>Informacij\u0105 pareng\u0117 Danut\u0117 Anankait\u0117<\/em><br><em>Agn\u0117s Lapinskait\u0117s<\/em> nuotr.<\/p>\n\n\n<figure class=\"wp-block-post-featured-image\"><img width=\"800\" height=\"453\" src=\"https:\/\/kelmiskiams.lt\/wp-content\/uploads\/2022\/10\/8B102F95-E7BC-46F0-8C90-011E71321150.jpeg\" class=\"attachment-post-thumbnail size-post-thumbnail wp-post-image\" alt=\"\" decoding=\"async\" loading=\"lazy\" srcset=\"https:\/\/kelmiskiams.lt\/wp-content\/uploads\/2022\/10\/8B102F95-E7BC-46F0-8C90-011E71321150.jpeg 800w, https:\/\/kelmiskiams.lt\/wp-content\/uploads\/2022\/10\/8B102F95-E7BC-46F0-8C90-011E71321150-300x170.jpeg 300w, https:\/\/kelmiskiams.lt\/wp-content\/uploads\/2022\/10\/8B102F95-E7BC-46F0-8C90-011E71321150-768x435.jpeg 768w\" sizes=\"(max-width: 800px) 100vw, 800px\" \/><\/figure>","protected":false},"excerpt":{"rendered":"<p>Pakra\u017ean\u010dio kult\u016bros centre vyko Kelm\u0117s rajone dirbusi\u0173 ir dirban\u010di\u0173 kult\u016bros darbuotoj\u0173 susitikimas \u201eAr atmeni?\u201c. \u0160io renginio pavadinimo \u017eod\u017eiai visus sugr\u0105\u017eino<\/p>\n","protected":false},"author":2,"featured_media":183,"comment_status":"open","ping_status":"open","sticky":false,"template":"","format":"standard","meta":{"om_disable_all_campaigns":false,"_mi_skip_tracking":false},"categories":[7],"tags":[],"aioseo_notices":[],"_links":{"self":[{"href":"https:\/\/kelmiskiams.lt\/index.php?rest_route=\/wp\/v2\/posts\/182"}],"collection":[{"href":"https:\/\/kelmiskiams.lt\/index.php?rest_route=\/wp\/v2\/posts"}],"about":[{"href":"https:\/\/kelmiskiams.lt\/index.php?rest_route=\/wp\/v2\/types\/post"}],"author":[{"embeddable":true,"href":"https:\/\/kelmiskiams.lt\/index.php?rest_route=\/wp\/v2\/users\/2"}],"replies":[{"embeddable":true,"href":"https:\/\/kelmiskiams.lt\/index.php?rest_route=%2Fwp%2Fv2%2Fcomments&post=182"}],"version-history":[{"count":2,"href":"https:\/\/kelmiskiams.lt\/index.php?rest_route=\/wp\/v2\/posts\/182\/revisions"}],"predecessor-version":[{"id":185,"href":"https:\/\/kelmiskiams.lt\/index.php?rest_route=\/wp\/v2\/posts\/182\/revisions\/185"}],"wp:featuredmedia":[{"embeddable":true,"href":"https:\/\/kelmiskiams.lt\/index.php?rest_route=\/wp\/v2\/media\/183"}],"wp:attachment":[{"href":"https:\/\/kelmiskiams.lt\/index.php?rest_route=%2Fwp%2Fv2%2Fmedia&parent=182"}],"wp:term":[{"taxonomy":"category","embeddable":true,"href":"https:\/\/kelmiskiams.lt\/index.php?rest_route=%2Fwp%2Fv2%2Fcategories&post=182"},{"taxonomy":"post_tag","embeddable":true,"href":"https:\/\/kelmiskiams.lt\/index.php?rest_route=%2Fwp%2Fv2%2Ftags&post=182"}],"curies":[{"name":"wp","href":"https:\/\/api.w.org\/{rel}","templated":true}]}}