{"id":1783,"date":"2023-05-11T08:34:03","date_gmt":"2023-05-11T08:34:03","guid":{"rendered":"https:\/\/kelmiskiams.lt\/?p=1783"},"modified":"2023-05-11T08:34:19","modified_gmt":"2023-05-11T08:34:19","slug":"seimo-nario-padejeju-tapti-tarybos-narys-neskuba","status":"publish","type":"post","link":"https:\/\/kelmiskiams.lt\/?p=1783","title":{"rendered":"Seimo nario pad\u0117j\u0117ju Tarybos narys tapti neskuba"},"content":{"rendered":"\n<p>Ketvirtadien\u012f savivaldyb\u0117s vicemero pareigas prad\u0117jus eiti K\u0119stu\u010diui Biliui, LR Seimo narys Remigijus \u017demaitaitis, kuriam antradien\u012f Vilniaus apylink\u0117s prokurat\u016bros prokurorai prad\u0117jo ikiteismin\u012f tyrim\u0105 d\u0117l, \u012ftariama, neapykantos skatinimo bei kurstymo prie\u0161 \u017emoni\u0173 grup\u0119 d\u0117l j\u0173 tautyb\u0117s, liko be pad\u0117j\u0117jo Kelm\u0117s rajone. Tyrim\u0105 prokurorai prad\u0117jo \u012fvertin\u0119 Seimo nario socialiniame tinkle \u201eFacebook\u201c paskelbt\u0105 \u012fra\u0161\u0105, kuriame gali b\u016bti \u012f\u017evelgiamos antisemitizmo ir neapykantos skleidimo formos.\u00a0<\/p>\n\n\n\n<p>Jau anks\u010diau <a href=\"https:\/\/kelmiskiams.lt\/?p=1721\" target=\"_blank\" rel=\"noopener\" title=\"\">\u201eKelmi\u0161kiams.lt\u201c skelb\u0117,<\/a> kad pad\u0117j\u0117jo pozicija si\u016bloma Savivaldyb\u0117s tarybos naujokui Tadui Kasparui, ta\u010diau jaunasis politikas sprendimo sako kol kas nepri\u0117m\u0119s.<\/p>\n\n\n\n<p>\u201eTai \u012fvyks ((<em>Red. \u2013 T.Kasparas priims sprendim\u0105<\/em>), kai apsiginsiu diplom\u0105, tam \u0161iuo metu susitelkiu ir skiriu labai daug laiko, \u0161iuo metu b\u016btent tokio sprendimo laikausi\u201c, \u2013 pirmadien\u012f portalui sak\u0117 T. Kasparas. <\/p>\n\n\n\n<p>Neai\u0161ku, ar T.Kasparo sprendimui \u012ftakos tur\u0117s b\u016bsimam \u201evir\u0161ininkui\u201c prad\u0117tas ikiteisminis tyrimas. Baud\u017eiamajame kodekse numatyta, kad tas, kas vie\u0161ai ty\u010diojosi, niekino, skatino neapykant\u0105 ar kurst\u0117 diskriminuoti \u017emoni\u0173 grup\u0119 ar jai priklausant\u012f asmen\u012f d\u0117l am\u017eiaus, lyties, seksualin\u0117s orientacijos, ne\u012fgalumo, ras\u0117s, odos spalvos, tautyb\u0117s, kalbos, kilm\u0117s, etnin\u0117s kilm\u0117s, socialin\u0117s pad\u0117ties, tik\u0117jimo, \u012fsitikinim\u0173 ar pa\u017ei\u016br\u0173, baud\u017eiamas bauda arba laisv\u0117s apribojimu, arba are\u0161tu, arba laisv\u0117s at\u0117mimu iki dvej\u0173 met\u0173.<\/p>\n\n\n\n<p>Ikiteismin\u012f tyrim\u0105 organizuoja ir kontroliuoja Vilniaus apylink\u0117s prokurat\u016bros prokurorai, tyrim\u0105 atliks Vilniaus apskrities vyriausiojo policijos komisariato pareig\u016bnai.<\/p>\n\n\n\n<p class=\"has-text-align-right\">\u201eKelmi\u0161kiams.lt\u201c inf.<\/p>\n","protected":false},"excerpt":{"rendered":"<p>Ketvirtadien\u012f savivaldyb\u0117s vicemero pareigas prad\u0117jus eiti K\u0119stu\u010diui Biliui, LR Seimo narys Remigijus \u017demaitaitis, kuriam antradien\u012f Vilniaus apylink\u0117s prokurat\u016bros prokurorai prad\u0117jo<\/p>\n","protected":false},"author":2,"featured_media":1784,"comment_status":"open","ping_status":"open","sticky":false,"template":"","format":"standard","meta":{"om_disable_all_campaigns":false,"_mi_skip_tracking":false},"categories":[4],"tags":[],"aioseo_notices":[],"_links":{"self":[{"href":"https:\/\/kelmiskiams.lt\/index.php?rest_route=\/wp\/v2\/posts\/1783"}],"collection":[{"href":"https:\/\/kelmiskiams.lt\/index.php?rest_route=\/wp\/v2\/posts"}],"about":[{"href":"https:\/\/kelmiskiams.lt\/index.php?rest_route=\/wp\/v2\/types\/post"}],"author":[{"embeddable":true,"href":"https:\/\/kelmiskiams.lt\/index.php?rest_route=\/wp\/v2\/users\/2"}],"replies":[{"embeddable":true,"href":"https:\/\/kelmiskiams.lt\/index.php?rest_route=%2Fwp%2Fv2%2Fcomments&post=1783"}],"version-history":[{"count":3,"href":"https:\/\/kelmiskiams.lt\/index.php?rest_route=\/wp\/v2\/posts\/1783\/revisions"}],"predecessor-version":[{"id":1787,"href":"https:\/\/kelmiskiams.lt\/index.php?rest_route=\/wp\/v2\/posts\/1783\/revisions\/1787"}],"wp:featuredmedia":[{"embeddable":true,"href":"https:\/\/kelmiskiams.lt\/index.php?rest_route=\/wp\/v2\/media\/1784"}],"wp:attachment":[{"href":"https:\/\/kelmiskiams.lt\/index.php?rest_route=%2Fwp%2Fv2%2Fmedia&parent=1783"}],"wp:term":[{"taxonomy":"category","embeddable":true,"href":"https:\/\/kelmiskiams.lt\/index.php?rest_route=%2Fwp%2Fv2%2Fcategories&post=1783"},{"taxonomy":"post_tag","embeddable":true,"href":"https:\/\/kelmiskiams.lt\/index.php?rest_route=%2Fwp%2Fv2%2Ftags&post=1783"}],"curies":[{"name":"wp","href":"https:\/\/api.w.org\/{rel}","templated":true}]}}