{"id":1779,"date":"2023-05-09T11:23:24","date_gmt":"2023-05-09T11:23:24","guid":{"rendered":"https:\/\/kelmiskiams.lt\/?p=1779"},"modified":"2023-05-09T11:23:29","modified_gmt":"2023-05-09T11:23:29","slug":"pirmosios-badmintono-pirmenybes","status":"publish","type":"post","link":"https:\/\/kelmiskiams.lt\/?p=1779","title":{"rendered":"Pirmosios badmintono pirmenyb\u0117s"},"content":{"rendered":"\n<p>Kelm\u0117s sporto klubas \u201eInvictus\u201c d\u017eiaugsmingai baig\u0117 pirm\u0105j\u012f klubo sezon\u0105 ir sureng\u0117 pirm\u0105sias rajonines badmintono pirmenybes Kelm\u0117je. Pirmenyb\u0117se susitiko tiek iki \u0161iol Kelm\u0117je sportuojantys, tiek re\u010diau \u012f gimtin\u0119 gr\u012f\u017etantys sportininkai. Pasak klubo vadovo Manto Varnelio, susirink\u0119s gausus b\u016brys sportinink\u0173 motyvuoja ir kit\u0105met prat\u0119sti prad\u0117tas pirmenybes. \u201eTikim\u0117s padaryti tai kasmetine tradicija ir sulaukti dar daugiau rajono \u017eaid\u0117j\u0173\u201c, \u2013 portalui \u201eKelmi\u0161kiams.lt \u201c sak\u0117 klubo vadovas M.Varnelis. <\/p>\n\n\n\n<p>Ruden\u012f sporto klubas numato surengti Kelm\u0117s rajono badmintono asmenines pirmenybes.<\/p>\n\n\n\n<p><strong>B grup\u0117:<\/strong><\/p>\n\n\n\n<p><strong>Moter\u0173 dvejetas:<\/strong><\/p>\n\n\n\n<p>1 vieta: Meida Levickyt\u0117, At\u0117n\u0117 Peleckyt\u0117<\/p>\n\n\n\n<p>2 vieta: Evelina \u0160iu\u0161yt\u0117, Milanta Sutkut\u0117<\/p>\n\n\n\n<p>3 vieta: Deima Navickien\u0117, Deimant\u0117 Valauskait\u0117<\/p>\n\n\n\n<p><strong>Vyr\u0173 dvejetas:<\/strong><\/p>\n\n\n\n<p>1 vieta: Olegas Kurganovas, Aurimas Valauskas<\/p>\n\n\n\n<p>2 vieta: Ailantas Sutkus, Mantas Varnelis<\/p>\n\n\n\n<p><strong>Mi\u0161rus dvejetas:<\/strong><\/p>\n\n\n\n<p>1 vieta: Olegas Kurganovas Deima Navickien\u0117<\/p>\n\n\n\n<p>2 vieta: Mantas Varnelis, Milanta Sutkut\u0117<\/p>\n\n\n\n<p>3 vieta: Ailantas Sutkus, Deimant\u0117 Valauskait\u0117<\/p>\n\n\n\n<p><strong>C grup\u0117:<\/strong><\/p>\n\n\n\n<p><strong>Moter\u0173 dvejetas:<\/strong><\/p>\n\n\n\n<p>1 vieta: Laura Daunyt\u0117, Gvidon\u0117 Miklovait\u0117<\/p>\n\n\n\n<p>2 vieta: Ingrida Savickien\u0117, Lina Gorien\u0117<\/p>\n\n\n\n<p><strong>Vyr\u0173 dvejetas:<\/strong><\/p>\n\n\n\n<p>1 vieta: Raimondas Jankauskas, Aidas Dambrauskas<\/p>\n\n\n\n<p>2 vieta: Nojus Urbelis, Joris \u0160veistys<\/p>\n\n\n\n<p>3 vieta: Vitalijus Petraitis, Dominykas Andrulis<\/p>\n\n\n\n<p><strong>Mi\u0161rus dvejetas:<\/strong><\/p>\n\n\n\n<p>1 vieta: Edvinas Goris, Egle Zavadskyt\u0117<\/p>\n\n\n\n<p>2 vieta: Joris \u0160veistys, Lina Gorien\u0117<\/p>\n\n\n\n<p>3 vieta: Vilius Navickas, Laura Daunyt\u0117<\/p>\n\n\n\n<p><strong>D grup\u0117:<\/strong><\/p>\n\n\n\n<p><strong>Moter\u0173 dvejetas:<\/strong><\/p>\n\n\n\n<p>1 vieta: Vaida Brazauskait\u0117, Neringa Rudaityt\u0117<\/p>\n\n\n\n<p>2 vieta: Ineta Kislauskien\u0117, Sigita \u0160imulien\u0117<\/p>\n\n\n\n<p>3 vieta: Akvile Sarulyt\u0117, Egl\u0117 Zavadskyt\u0117<\/p>\n\n\n\n<p><strong>Vyr\u0173 dvejetas:<\/strong><\/p>\n\n\n\n<p>1 vieta: Gvidas Iminavi\u010dius, Ervinas Kari\u0161auskas<\/p>\n\n\n\n<p>2 vieta: Vilius Navickas, Edvinas Goris<\/p>\n\n\n\n<p>3 vieta: Deimantas Gajauskas, Pijus Vy\u0161niauskas<\/p>\n\n\n\n<p><strong>Mi\u0161rus dvejetas:<\/strong><\/p>\n\n\n\n<p>1 vieta: Raimondas Jankauskas, Vaida Brazauskait\u0117<\/p>\n\n\n\n<p>2 vieta: Eugenijus Jafimovas, Lina Kasparien\u0117<\/p>\n\n\n\n<p>3 vieta: Vitalijus Petraitis, Gvidon\u0117 Miklovait\u0117<\/p>\n\n\n\n<p class=\"has-text-align-right\">\u201eKelmi\u0161kiams.lt\u201c inf., sporto klubo \u201eInvictus\u201c nuotr.<\/p>\n\n\n<div class=\"wp-block-image\">\n<figure class=\"aligncenter size-large\"><img decoding=\"async\" loading=\"lazy\" width=\"1024\" height=\"663\" src=\"https:\/\/kelmiskiams.lt\/wp-content\/uploads\/2023\/05\/inv2-1024x663.jpg\" alt=\"\" class=\"wp-image-1780\" srcset=\"https:\/\/kelmiskiams.lt\/wp-content\/uploads\/2023\/05\/inv2-1024x663.jpg 1024w, https:\/\/kelmiskiams.lt\/wp-content\/uploads\/2023\/05\/inv2-300x194.jpg 300w, https:\/\/kelmiskiams.lt\/wp-content\/uploads\/2023\/05\/inv2-768x497.jpg 768w, https:\/\/kelmiskiams.lt\/wp-content\/uploads\/2023\/05\/inv2.jpg 1170w\" sizes=\"(max-width: 1024px) 100vw, 1024px\" \/><\/figure><\/div>","protected":false},"excerpt":{"rendered":"<p>Kelm\u0117s sporto klubas \u201eInvictus\u201c d\u017eiaugsmingai baig\u0117 pirm\u0105j\u012f klubo sezon\u0105 ir sureng\u0117 pirm\u0105sias rajonines badmintono pirmenybes Kelm\u0117je. Pirmenyb\u0117se susitiko tiek iki<\/p>\n","protected":false},"author":2,"featured_media":1781,"comment_status":"open","ping_status":"open","sticky":false,"template":"","format":"standard","meta":{"om_disable_all_campaigns":false,"_mi_skip_tracking":false},"categories":[6],"tags":[],"aioseo_notices":[],"_links":{"self":[{"href":"https:\/\/kelmiskiams.lt\/index.php?rest_route=\/wp\/v2\/posts\/1779"}],"collection":[{"href":"https:\/\/kelmiskiams.lt\/index.php?rest_route=\/wp\/v2\/posts"}],"about":[{"href":"https:\/\/kelmiskiams.lt\/index.php?rest_route=\/wp\/v2\/types\/post"}],"author":[{"embeddable":true,"href":"https:\/\/kelmiskiams.lt\/index.php?rest_route=\/wp\/v2\/users\/2"}],"replies":[{"embeddable":true,"href":"https:\/\/kelmiskiams.lt\/index.php?rest_route=%2Fwp%2Fv2%2Fcomments&post=1779"}],"version-history":[{"count":1,"href":"https:\/\/kelmiskiams.lt\/index.php?rest_route=\/wp\/v2\/posts\/1779\/revisions"}],"predecessor-version":[{"id":1782,"href":"https:\/\/kelmiskiams.lt\/index.php?rest_route=\/wp\/v2\/posts\/1779\/revisions\/1782"}],"wp:featuredmedia":[{"embeddable":true,"href":"https:\/\/kelmiskiams.lt\/index.php?rest_route=\/wp\/v2\/media\/1781"}],"wp:attachment":[{"href":"https:\/\/kelmiskiams.lt\/index.php?rest_route=%2Fwp%2Fv2%2Fmedia&parent=1779"}],"wp:term":[{"taxonomy":"category","embeddable":true,"href":"https:\/\/kelmiskiams.lt\/index.php?rest_route=%2Fwp%2Fv2%2Fcategories&post=1779"},{"taxonomy":"post_tag","embeddable":true,"href":"https:\/\/kelmiskiams.lt\/index.php?rest_route=%2Fwp%2Fv2%2Ftags&post=1779"}],"curies":[{"name":"wp","href":"https:\/\/api.w.org\/{rel}","templated":true}]}}