{"id":1747,"date":"2023-05-02T09:43:49","date_gmt":"2023-05-02T09:43:49","guid":{"rendered":"https:\/\/kelmiskiams.lt\/?p=1747"},"modified":"2023-05-02T10:10:53","modified_gmt":"2023-05-02T10:10:53","slug":"kaimuose-zaliuju-atlieku-neberinks","status":"publish","type":"post","link":"https:\/\/kelmiskiams.lt\/?p=1747","title":{"rendered":"Kaimuose \u017eali\u0173j\u0173 atliek\u0173 neberinks"},"content":{"rendered":"\n<p>Pra\u0117jus\u012f penktadien\u012f atliek\u0173 surinkim\u0105 administruojan\u010dio Kelm\u0117s vietinio \u016bkio prane\u0161imas nustebino ne vien\u0105 kaimi\u0161kose vietov\u0117se gyvenant\u012f \u017emog\u0173. Paai\u0161k\u0117jo, kad \u017ealiosios atliekos bus surenkamos tik Kelm\u0117s ir Tytuv\u0117n\u0173 miestuose, o kitose vietov\u0117se gyvenantys kelmi\u0161kiai \u0161ias biologines atliekas tur\u0117s kompostuoti savo sklypuose, nes j\u0173 i\u0161ve\u017eimas yra nutraukiamas.<\/p>\n\n\n\n<p>Tok\u012f sprendim\u0105 pra\u0117jus\u012f ketvirtadien\u012f pri\u0117m\u0117 naujos kadencijos Tarybos nariai. Pagrindinis sprendimo  tikslas \u2013  neberinkti biologini\u0173 (\u017eali\u0173j\u0173) atliek\u0173 i\u0161 kaimi\u0161k\u0173 teritorij\u0173 individuali\u0173 nam\u0173, nes pra\u0117jusiais metais renkant biologines atliekas buvo nuva\u017eiuoti 3234 kilometrai ir surinkta tik 215,04 tonos \u0161i\u0173 biologi\u0161kai iri\u0173 atliek\u0173. Tuo tarpu Kelm\u0117s ir Tytuv\u0117n\u0173 miestuose nuva\u017eiavus 3492 km surinkta 827,96 tonos atliek\u0173.<\/p>\n\n\n\n<p>\u201eAtliekas kompostuojame ir dabar. Tikrai retai jas i\u0161ve\u017eame. Turime kompostavimo d\u0117\u017e\u0119, ta\u010diau mane labiau nustebino Vietinio \u016bkio po\u017ei\u016bris d\u0117l konteineri\u0173 gr\u0105\u017einimo.  Jie si\u016blo konteinerius pastatyti prie kelio ir ka\u017ekada susirinks apva\u017eiuojamuoju b\u016bdu. Kas atsakys, jei koks piktavalis nakt\u012f konteiner\u012f pasisavins? Jokio grafiko, jokios tvarkos. Numet\u0117 \u017einut\u0119 per <em><a href=\"https:\/\/www.facebook.com\/kvt.lt\" target=\"_blank\" rel=\"noopener\" title=\"\">Facebook<\/a><\/em> ir tiek\u201c, \u2013 penktadienio popiet\u0119 \u201eKelmi\u0161kiams.lt\u201c  pasipiktinimo savivaldybei priklausan\u010dia \u012fmone nesl\u0117p\u0117 \u0160auk\u0117n\u0173 seni\u016bnijoje gyvenantis Vidmantas.<\/p>\n\n\n\n<p>\u201ePasi\u016blymas kompostuoti tokias atliekas yra geras, ta\u010diau jo pateikimas ir vykdymas \u201e\u010dia ir dabar\u201c yra nelogi\u0161kas, nes dauguma jau turi u\u017epild\u0119 tuos konteinerius. Kod\u0117l negalima j\u0173 i\u0161ve\u017eti pagal plan\u0105 ir tik tada nutraukti \u0161i\u0105 paslaug\u0105? I\u0161krovin\u0117ti atliekas rankomis ir jas d\u0117ti ka\u017ekur skubotai skamba kaip nejuokingas pok\u0161tas\u201c\u2013 sak\u0117 Tytuv\u0117n\u0173 apylinki\u0173 seni\u016bnijoje gyvenanti Irma. <\/p>\n\n\n\n<p>Vaiguvos seni\u016bnijoje gyvenanti Vaiva priimtu sprendimu kompostuoti atliekas neabejojo, ta\u010diau steb\u0117josi Kelm\u0117s vietinio \u016bkio prane\u0161imu. \u201eGal sprendimas ir geras, bet apie j\u012f turi b\u016bti tinkamai i\u0161komunikuota visuomenei. Dabar tik \u012fmon\u0117s \u012fra\u0161as apie niek\u0105. Problema \u2013 ne sprendimas, problema \u2013 negeb\u0117jimas ne tik i\u0161komunikuoti, bet ir tartis su visuomene. Niekas net nepaklaus\u0117 ar to reikia, ar ne. Gal ir n\u0117ra didelio poreikio, net tai turi pasakyti patys \u017emon\u0117s. Tai \u2013 eilinis \u012frodymas, koks yra vietin\u0117s vald\u017eios po\u017ei\u016bris \u012f rink\u0117jus. Joks. I\u0161rinko ir jau sp\u0117jo pamir\u0161ti, k\u0105 buvo \u017ead\u0117j\u0119\u201c, \u2013 portalui ra\u0161\u0117 rajono gyventoja.<\/p>\n\n\n\n<p>Kelm\u0117s vietinis \u016bkis \u0161ios situacijos iki antradienio vidurdienio \u201eKelmi\u0161kiams.lt\u201c nepakomentavo, \u012f i\u0161si\u0173st\u0105 lai\u0161k\u0105 neatsak\u0117. Jei \u0161ios \u012fmon\u0117s atsakym\u0105 gausime, papildysime straipsn\u012f atsakymu. <\/p>\n\n\n\n<p class=\"has-text-align-right\">\u201eKelmi\u0161kiams.lt\u201c inf., Pexels com nuotr.<\/p>\n\n\n\n<p><\/p>\n","protected":false},"excerpt":{"rendered":"<p>Pra\u0117jus\u012f penktadien\u012f atliek\u0173 surinkim\u0105 administruojan\u010dio Kelm\u0117s vietinio \u016bkio prane\u0161imas nustebino ne vien\u0105 kaimi\u0161kose vietov\u0117se gyvenant\u012f \u017emog\u0173. Paai\u0161k\u0117jo, kad \u017ealiosios atliekos<\/p>\n","protected":false},"author":2,"featured_media":1748,"comment_status":"open","ping_status":"open","sticky":false,"template":"","format":"standard","meta":{"om_disable_all_campaigns":false,"_mi_skip_tracking":false},"categories":[4],"tags":[],"aioseo_notices":[],"_links":{"self":[{"href":"https:\/\/kelmiskiams.lt\/index.php?rest_route=\/wp\/v2\/posts\/1747"}],"collection":[{"href":"https:\/\/kelmiskiams.lt\/index.php?rest_route=\/wp\/v2\/posts"}],"about":[{"href":"https:\/\/kelmiskiams.lt\/index.php?rest_route=\/wp\/v2\/types\/post"}],"author":[{"embeddable":true,"href":"https:\/\/kelmiskiams.lt\/index.php?rest_route=\/wp\/v2\/users\/2"}],"replies":[{"embeddable":true,"href":"https:\/\/kelmiskiams.lt\/index.php?rest_route=%2Fwp%2Fv2%2Fcomments&post=1747"}],"version-history":[{"count":2,"href":"https:\/\/kelmiskiams.lt\/index.php?rest_route=\/wp\/v2\/posts\/1747\/revisions"}],"predecessor-version":[{"id":1751,"href":"https:\/\/kelmiskiams.lt\/index.php?rest_route=\/wp\/v2\/posts\/1747\/revisions\/1751"}],"wp:featuredmedia":[{"embeddable":true,"href":"https:\/\/kelmiskiams.lt\/index.php?rest_route=\/wp\/v2\/media\/1748"}],"wp:attachment":[{"href":"https:\/\/kelmiskiams.lt\/index.php?rest_route=%2Fwp%2Fv2%2Fmedia&parent=1747"}],"wp:term":[{"taxonomy":"category","embeddable":true,"href":"https:\/\/kelmiskiams.lt\/index.php?rest_route=%2Fwp%2Fv2%2Fcategories&post=1747"},{"taxonomy":"post_tag","embeddable":true,"href":"https:\/\/kelmiskiams.lt\/index.php?rest_route=%2Fwp%2Fv2%2Ftags&post=1747"}],"curies":[{"name":"wp","href":"https:\/\/api.w.org\/{rel}","templated":true}]}}