{"id":1739,"date":"2023-04-28T18:31:42","date_gmt":"2023-04-28T18:31:42","guid":{"rendered":"https:\/\/kelmiskiams.lt\/?p=1739"},"modified":"2023-05-02T18:17:29","modified_gmt":"2023-05-02T18:17:29","slug":"labas-ir-kelmes-balandzio-menesio-laida","status":"publish","type":"post","link":"https:\/\/kelmiskiams.lt\/?p=1739","title":{"rendered":"\u201eLabas ir Kelm\u0117s\u201c baland\u017eio m\u0117nesio laida"},"content":{"rendered":"\n<p>Rita \u0160\u010diglinskien\u0117 baland\u017eio m\u0117nesio laidoje \u201eLabas i\u0161 Kelm\u0117s\u201c pareng\u0117 informacij\u0105 apie 2023-2027 m. kadencijos Kelm\u0117s rajono savivaldyb\u0117s tarybos ir mero priesaikos davimo ceremonij\u0105,  pirmuosius rajono politik\u0173 pos\u0117d\u017eius,  Kra\u017ei\u0173 Motiejaus Kazimiero Sarbievijaus kult\u016bros centre pamin\u0117t\u0105 Pasaulin\u0119 kult\u016bros dien\u0105, NATO festival\u012f \u201eGalingi, nes vieningi\u201c, vykus\u012f &nbsp;Kelm\u0117je baland\u017eio 22 d. Rubrikoje \u201eBendravimas ir bendradarbiavimas. Kelm\u0117s ligonin\u0117\u201c apie paslaugas pasakoja &nbsp;abdominalin\u0117s chirurgijos gydytojas Lukas Jurkevi\u010dius, vaik\u0173 neurolog\u0117 ir vaik\u0173 raidos sutrikimo ankstyvosios reabilitacijos tarnybos vadov\u0117 Diana Zabielait\u0117. Pateikiama informacija apie Kelm\u0117s ligonin\u0117s slaugos ir palaikomojo gydymo skyriuje duris atv\u0117rus\u012f u\u017eimtumo kambar\u012f.&nbsp;Taip pat i\u0161vysite reporta\u017e\u0105 i\u0161 Kelm\u0117s ma\u017eojo&nbsp;teatro premjeros \u201eTas, kuris atidarys duris\u201c, pastatyto &nbsp;pagal&nbsp; ukrainiet\u0117s&nbsp;&nbsp; ra\u0161ytojos Nedos&nbsp; Nejdanos&nbsp; Miro\u0161ni\u010denko pjes\u0119.Laidos autor\u0117 lank\u0117si \u0160auk\u0117n\u0173 kult\u016bros ir amat\u0173 centro vokalinio\u2013instrumentinio ansamblio ,,Anima\u201c ( vad.&nbsp; Aidas&nbsp; Kalin\u010dikas) 20 met\u0173 veiklos min\u0117jimo renginyje.<\/p>\n\n\n\n<p class=\"has-text-align-right\">\u201eKelmi\u0161kiams.lt\u201c inf.<\/p>\n\n\n\n<figure class=\"wp-block-embed is-type-video is-provider-youtube wp-block-embed-youtube wp-embed-aspect-4-3 wp-has-aspect-ratio\"><div class=\"wp-block-embed__wrapper\">\n<iframe loading=\"lazy\" title=\"\u201eLabas i\u0161 Kelm\u0117s\u201c 2023  balandis\" width=\"800\" height=\"600\" src=\"https:\/\/www.youtube.com\/embed\/blQ_Qbs9JaM?feature=oembed\" frameborder=\"0\" allow=\"accelerometer; autoplay; clipboard-write; encrypted-media; gyroscope; picture-in-picture; web-share\" allowfullscreen><\/iframe>\n<\/div><\/figure>\n","protected":false},"excerpt":{"rendered":"<p>Rita \u0160\u010diglinskien\u0117 baland\u017eio m\u0117nesio laidoje \u201eLabas i\u0161 Kelm\u0117s\u201c pareng\u0117 informacij\u0105 apie 2023-2027 m. kadencijos Kelm\u0117s rajono savivaldyb\u0117s tarybos ir mero<\/p>\n","protected":false},"author":2,"featured_media":1013,"comment_status":"open","ping_status":"open","sticky":false,"template":"","format":"standard","meta":{"om_disable_all_campaigns":false,"_mi_skip_tracking":false},"categories":[4],"tags":[],"aioseo_notices":[],"_links":{"self":[{"href":"https:\/\/kelmiskiams.lt\/index.php?rest_route=\/wp\/v2\/posts\/1739"}],"collection":[{"href":"https:\/\/kelmiskiams.lt\/index.php?rest_route=\/wp\/v2\/posts"}],"about":[{"href":"https:\/\/kelmiskiams.lt\/index.php?rest_route=\/wp\/v2\/types\/post"}],"author":[{"embeddable":true,"href":"https:\/\/kelmiskiams.lt\/index.php?rest_route=\/wp\/v2\/users\/2"}],"replies":[{"embeddable":true,"href":"https:\/\/kelmiskiams.lt\/index.php?rest_route=%2Fwp%2Fv2%2Fcomments&post=1739"}],"version-history":[{"count":2,"href":"https:\/\/kelmiskiams.lt\/index.php?rest_route=\/wp\/v2\/posts\/1739\/revisions"}],"predecessor-version":[{"id":1760,"href":"https:\/\/kelmiskiams.lt\/index.php?rest_route=\/wp\/v2\/posts\/1739\/revisions\/1760"}],"wp:featuredmedia":[{"embeddable":true,"href":"https:\/\/kelmiskiams.lt\/index.php?rest_route=\/wp\/v2\/media\/1013"}],"wp:attachment":[{"href":"https:\/\/kelmiskiams.lt\/index.php?rest_route=%2Fwp%2Fv2%2Fmedia&parent=1739"}],"wp:term":[{"taxonomy":"category","embeddable":true,"href":"https:\/\/kelmiskiams.lt\/index.php?rest_route=%2Fwp%2Fv2%2Fcategories&post=1739"},{"taxonomy":"post_tag","embeddable":true,"href":"https:\/\/kelmiskiams.lt\/index.php?rest_route=%2Fwp%2Fv2%2Ftags&post=1739"}],"curies":[{"name":"wp","href":"https:\/\/api.w.org\/{rel}","templated":true}]}}