{"id":1730,"date":"2023-04-25T10:08:27","date_gmt":"2023-04-25T10:08:27","guid":{"rendered":"https:\/\/kelmiskiams.lt\/?p=1730"},"modified":"2023-04-25T10:08:27","modified_gmt":"2023-04-25T10:08:27","slug":"liberalo-kandidaturai-komitetas-nepritare","status":"publish","type":"post","link":"https:\/\/kelmiskiams.lt\/?p=1730","title":{"rendered":"Liberalo kandidat\u016brai komitetas nepritar\u0117"},"content":{"rendered":"\n<p>Antradien\u012f vykusiame jungtiniame Biud\u017eeto ir ekonomikos bei Investicij\u0173, verslo ir kaimo reikal\u0173 komitet\u0173 pos\u0117dyje buvo renkami kandidatai \u012f komitet\u0173 pirmininkus ir j\u0173 pavaduotojus. Biud\u017eeto ir ekonomikos komiteto pirmininku pasi\u016blytai Egidijaus \u017delvio kandidat\u016brai  prie\u0161taravim\u0173 nebuvo ir komiteto nariai  pritar\u0117 jo kandidat\u016brai \u012f komiteto pirmininkus. <\/p>\n\n\n\n<p>\u201ePra\u0161y\u010diau pagalbos, kad darbas b\u016bt\u0173 sklandus. Savo pavaduotoju si\u016blau Rimant\u0105 Vir\u0161il\u0105. Teko daug su juo bendrauti rinkimin\u0117s kampanijos metu. Jis yra ver\u017elus, darb\u0161tus \u017emogus\u201c, \u2013 kalb\u0117jo E. \u017delvys. Komitetas pavaduotojo kandidat\u016brai pritar\u0117.<\/p>\n\n\n\n<p>Komiteto akibrok\u0161to valdantieji antradien\u012f grei\u010diausia nesitik\u0117jo ir <a href=\"https:\/\/kelmiskiams.lt\/?p=1653\" target=\"_blank\" rel=\"noopener\" title=\"\">man\u0117 be didesnio vargo pritarsiantys liberalo E. Kmito kandidat\u016brai<\/a>, ta\u010diau opozicijoje esantis Tautvilas Putvis pasi\u016bl\u0117 kito valdan\u010diojoje daugumoje esan\u010dio Zigmo Filipavi\u010diaus kandidat\u016br\u0105. \u012e tok\u012f naryst\u0119 partijoje sustabd\u017eiusio konservatoriaus pasi\u016blym\u0105 Z. Filipavi\u010dius sureagavo pasimet\u0119s: \u201eA\u010di\u016b u\u017e pasitik\u0117jim\u0105, bet si\u016blau jaunimui\u201c.<\/p>\n\n\n\n<p>E. Kmito kandidat\u016brai pritar\u0117 pus\u0117 komiteto nari\u0173. D\u0117l jo skyrimo vadovauti bene did\u017eiausios apimties komitetui bus svarstoma Tarybos pos\u0117dyje. Kadangi nebuvo i\u0161rinktas kandidatas \u012f komiteto pirmininkus, nebuvo teikiama ir jo pavaduotojo kandidat\u016bra. Pats E. Kmitas savo pavaduotojo pozicijoje sak\u0117 norintis matyti \u017dali\u0173j\u0173 partijos atstov\u0119 Lin\u0105 Samulyt\u0119, kuri pos\u0117dyje nedalyvavo. Pasak mero, yra i\u0161vykusi \u012f komandiruot\u0119. Politikai tikisi sulaukti ra\u0161ti\u0161ko L. Samulyt\u0117s sutikimo b\u016bti komiteto pirmininko pavaduotoja.<\/p>\n\n\n\n<p class=\"has-text-align-right\">\u201eKelmi\u0161kiams.lt\u201c inf.<\/p>\n","protected":false},"excerpt":{"rendered":"<p>Antradien\u012f vykusiame jungtiniame Biud\u017eeto ir ekonomikos bei Investicij\u0173, verslo ir kaimo reikal\u0173 komitet\u0173 pos\u0117dyje buvo renkami kandidatai \u012f komitet\u0173 pirmininkus<\/p>\n","protected":false},"author":2,"featured_media":1731,"comment_status":"open","ping_status":"open","sticky":false,"template":"","format":"standard","meta":{"om_disable_all_campaigns":false,"_mi_skip_tracking":false},"categories":[4],"tags":[],"aioseo_notices":[],"_links":{"self":[{"href":"https:\/\/kelmiskiams.lt\/index.php?rest_route=\/wp\/v2\/posts\/1730"}],"collection":[{"href":"https:\/\/kelmiskiams.lt\/index.php?rest_route=\/wp\/v2\/posts"}],"about":[{"href":"https:\/\/kelmiskiams.lt\/index.php?rest_route=\/wp\/v2\/types\/post"}],"author":[{"embeddable":true,"href":"https:\/\/kelmiskiams.lt\/index.php?rest_route=\/wp\/v2\/users\/2"}],"replies":[{"embeddable":true,"href":"https:\/\/kelmiskiams.lt\/index.php?rest_route=%2Fwp%2Fv2%2Fcomments&post=1730"}],"version-history":[{"count":1,"href":"https:\/\/kelmiskiams.lt\/index.php?rest_route=\/wp\/v2\/posts\/1730\/revisions"}],"predecessor-version":[{"id":1732,"href":"https:\/\/kelmiskiams.lt\/index.php?rest_route=\/wp\/v2\/posts\/1730\/revisions\/1732"}],"wp:featuredmedia":[{"embeddable":true,"href":"https:\/\/kelmiskiams.lt\/index.php?rest_route=\/wp\/v2\/media\/1731"}],"wp:attachment":[{"href":"https:\/\/kelmiskiams.lt\/index.php?rest_route=%2Fwp%2Fv2%2Fmedia&parent=1730"}],"wp:term":[{"taxonomy":"category","embeddable":true,"href":"https:\/\/kelmiskiams.lt\/index.php?rest_route=%2Fwp%2Fv2%2Fcategories&post=1730"},{"taxonomy":"post_tag","embeddable":true,"href":"https:\/\/kelmiskiams.lt\/index.php?rest_route=%2Fwp%2Fv2%2Ftags&post=1730"}],"curies":[{"name":"wp","href":"https:\/\/api.w.org\/{rel}","templated":true}]}}