{"id":1724,"date":"2023-04-24T12:29:01","date_gmt":"2023-04-24T12:29:01","guid":{"rendered":"https:\/\/kelmiskiams.lt\/?p=1724"},"modified":"2023-04-24T12:29:55","modified_gmt":"2023-04-24T12:29:55","slug":"kai-mero-nebus-rajonui-vadovaus-a-brazas","status":"publish","type":"post","link":"https:\/\/kelmiskiams.lt\/?p=1724","title":{"rendered":"Kai mero nebus, rajonui vadovaus A. Brazas"},"content":{"rendered":"\n<p>Pagal Vietos savivaldos \u012fstatym\u0105 d\u0117l Tarybos darbo organizavimo, nuo \u0161iol vicemeras negali pavaduoti mero, tai padaryti gali tik paskirti Tarybos nariai. Ketvirtadien\u012f Rajono tarybai bus si\u016bloma skirti Kelm\u0117s rajono savivaldyb\u0117s tarybos nar\u012f, laikinai einant\u012f mero pareigas, kai nebus mero. Juo si\u016bloma skirti Albert\u0105 Braz\u0105. Jei d\u0117l atostog\u0173, laikinojo nedarbingumo ar kit\u0173 pateisinam\u0173 prie\u017eas\u010di\u0173 pareig\u0173 eiti negal\u0117s ir A. Brazas, savivaldybei vadovaus kitas Tarybos narys \u2013 Vytautas Barkauskas. <\/p>\n\n\n\n<p>Abu mer\u0105 pavaduoti si\u016blomi Tarybos nariai yra partijos \u201eLaisv\u0117 ir teisingumas\u201c atstovai.<\/p>\n\n\n\n<div class=\"is-layout-flex wp-container-3 wp-block-columns\">\n<div class=\"is-layout-flow wp-block-column\"><div class=\"wp-block-image\">\n<figure class=\"aligncenter size-full is-resized\"><img decoding=\"async\" loading=\"lazy\" src=\"https:\/\/kelmiskiams.lt\/wp-content\/uploads\/2023\/04\/Brazas-1.jpeg\" alt=\"\" class=\"wp-image-1726\" width=\"189\" height=\"284\" srcset=\"https:\/\/kelmiskiams.lt\/wp-content\/uploads\/2023\/04\/Brazas-1.jpeg 490w, https:\/\/kelmiskiams.lt\/wp-content\/uploads\/2023\/04\/Brazas-1-200x300.jpeg 200w\" sizes=\"(max-width: 189px) 100vw, 189px\" \/><figcaption class=\"wp-element-caption\">A. Brazas \/ VRK nuotr.<\/figcaption><\/figure><\/div><\/div>\n\n\n\n<div class=\"is-layout-flow wp-block-column\"><div class=\"wp-block-image\">\n<figure class=\"aligncenter size-full is-resized\"><img decoding=\"async\" loading=\"lazy\" src=\"https:\/\/kelmiskiams.lt\/wp-content\/uploads\/2023\/04\/Barkauskas.jpeg\" alt=\"\" class=\"wp-image-1727\" width=\"187\" height=\"281\" srcset=\"https:\/\/kelmiskiams.lt\/wp-content\/uploads\/2023\/04\/Barkauskas.jpeg 587w, https:\/\/kelmiskiams.lt\/wp-content\/uploads\/2023\/04\/Barkauskas-200x300.jpeg 200w\" sizes=\"(max-width: 187px) 100vw, 187px\" \/><figcaption class=\"wp-element-caption\">V.Barkauskas \/ VRK nuotr.<\/figcaption><\/figure><\/div><\/div>\n<\/div>\n\n\n\n<p class=\"has-text-align-right\">\u201eKelmi\u0161kiams.lt\u201c inf.<\/p>\n","protected":false},"excerpt":{"rendered":"<p>Pagal Vietos savivaldos \u012fstatym\u0105 d\u0117l Tarybos darbo organizavimo, nuo \u0161iol vicemeras negali pavaduoti mero, tai padaryti gali tik paskirti Tarybos<\/p>\n","protected":false},"author":2,"featured_media":1342,"comment_status":"open","ping_status":"open","sticky":false,"template":"","format":"standard","meta":{"om_disable_all_campaigns":false,"_mi_skip_tracking":false},"categories":[4],"tags":[],"aioseo_notices":[],"_links":{"self":[{"href":"https:\/\/kelmiskiams.lt\/index.php?rest_route=\/wp\/v2\/posts\/1724"}],"collection":[{"href":"https:\/\/kelmiskiams.lt\/index.php?rest_route=\/wp\/v2\/posts"}],"about":[{"href":"https:\/\/kelmiskiams.lt\/index.php?rest_route=\/wp\/v2\/types\/post"}],"author":[{"embeddable":true,"href":"https:\/\/kelmiskiams.lt\/index.php?rest_route=\/wp\/v2\/users\/2"}],"replies":[{"embeddable":true,"href":"https:\/\/kelmiskiams.lt\/index.php?rest_route=%2Fwp%2Fv2%2Fcomments&post=1724"}],"version-history":[{"count":2,"href":"https:\/\/kelmiskiams.lt\/index.php?rest_route=\/wp\/v2\/posts\/1724\/revisions"}],"predecessor-version":[{"id":1729,"href":"https:\/\/kelmiskiams.lt\/index.php?rest_route=\/wp\/v2\/posts\/1724\/revisions\/1729"}],"wp:featuredmedia":[{"embeddable":true,"href":"https:\/\/kelmiskiams.lt\/index.php?rest_route=\/wp\/v2\/media\/1342"}],"wp:attachment":[{"href":"https:\/\/kelmiskiams.lt\/index.php?rest_route=%2Fwp%2Fv2%2Fmedia&parent=1724"}],"wp:term":[{"taxonomy":"category","embeddable":true,"href":"https:\/\/kelmiskiams.lt\/index.php?rest_route=%2Fwp%2Fv2%2Fcategories&post=1724"},{"taxonomy":"post_tag","embeddable":true,"href":"https:\/\/kelmiskiams.lt\/index.php?rest_route=%2Fwp%2Fv2%2Ftags&post=1724"}],"curies":[{"name":"wp","href":"https:\/\/api.w.org\/{rel}","templated":true}]}}