{"id":1721,"date":"2023-04-24T08:26:50","date_gmt":"2023-04-24T08:26:50","guid":{"rendered":"https:\/\/kelmiskiams.lt\/?p=1721"},"modified":"2023-04-24T08:26:50","modified_gmt":"2023-04-24T08:26:50","slug":"seimo-nariui-gelbes-jauniausias-tarybos-narys","status":"publish","type":"post","link":"https:\/\/kelmiskiams.lt\/?p=1721","title":{"rendered":"Seimo nariui gelb\u0117s jauniausias Tarybos narys?"},"content":{"rendered":"\n<p>Savivaldyb\u0117s vicemero pareigas artimiausiu metu prad\u0117sian\u010diam eiti K\u0119stu\u010diui Biliui, jis nebedirbs LR Seimo nario Remigijaus \u017demaitai\u010dio pad\u0117j\u0117ju, tod\u0117l jau ateinan\u010di\u0105 savait\u0119 bus sprend\u017eiama, kas eis \u0161ias pareigas. Pasak R. \u017demaitai\u010dio, kol kas n\u0117ra galutinio sprendimo. \u201eSprendimas bus priimtas gegu\u017e\u0117s 4-8 dienomis.  Galiu pasakyti, kad pad\u0117j\u0117jas tikrai bus i\u0161 dabartin\u0117s komandos\u201c, \u2013 \u201eKelmi\u0161kiams.lt\u201c sak\u0117 Seimo narys.<\/p>\n\n\n\n<p>\u201eKelmi\u0161kiams.lt\u201c \u017einiomis, \u012f \u0161ias pareigas grei\u010diausiai bus kvie\u010diamas jauniausias Tarybos narys Tadas Kasparas, nors tarpe partijos \u201eLaisv\u0117 ir teisingumas&#8221; atstov\u0173 buvo minimi dar keli asmenys. <\/p>\n\n\n\n<p>\u201e\u0160iuo klausimu su manimi buvo kalb\u0117ta ir svarstau apie toki\u0105 galimyb\u0119, teigiamai vertinu koleg\u0173 kvietim\u0105, nors \u0161iuo metu labiau orientuojuosi \u012f naujai i\u0161rinktos Tarybos veikl\u0105, taip pat moksl\u0173 u\u017ebaigim\u0105 ir sezonin\u0119 savo veikl\u0105\u201c, \u2013 pirmadien\u012f sak\u0117 T. Kasparas. <\/p>\n\n\n\n<p>Anot politiko, sprendim\u0105 jis priimsiantis \u012fvertin\u0119s savo u\u017eimtum\u0105 ir laiko planavim\u0105 \u0161ioms pareigoms eiti.<\/p>\n\n\n\n<p class=\"has-text-align-right\">\u201eKelmi\u0161kiams.lt\u201c inf.<\/p>\n","protected":false},"excerpt":{"rendered":"<p>Savivaldyb\u0117s vicemero pareigas artimiausiu metu prad\u0117sian\u010diam eiti K\u0119stu\u010diui Biliui, jis nebedirbs LR Seimo nario Remigijaus \u017demaitai\u010dio pad\u0117j\u0117ju, tod\u0117l jau ateinan\u010di\u0105<\/p>\n","protected":false},"author":2,"featured_media":1722,"comment_status":"open","ping_status":"open","sticky":false,"template":"","format":"standard","meta":{"om_disable_all_campaigns":false,"_mi_skip_tracking":false},"categories":[4],"tags":[],"aioseo_notices":[],"_links":{"self":[{"href":"https:\/\/kelmiskiams.lt\/index.php?rest_route=\/wp\/v2\/posts\/1721"}],"collection":[{"href":"https:\/\/kelmiskiams.lt\/index.php?rest_route=\/wp\/v2\/posts"}],"about":[{"href":"https:\/\/kelmiskiams.lt\/index.php?rest_route=\/wp\/v2\/types\/post"}],"author":[{"embeddable":true,"href":"https:\/\/kelmiskiams.lt\/index.php?rest_route=\/wp\/v2\/users\/2"}],"replies":[{"embeddable":true,"href":"https:\/\/kelmiskiams.lt\/index.php?rest_route=%2Fwp%2Fv2%2Fcomments&post=1721"}],"version-history":[{"count":1,"href":"https:\/\/kelmiskiams.lt\/index.php?rest_route=\/wp\/v2\/posts\/1721\/revisions"}],"predecessor-version":[{"id":1723,"href":"https:\/\/kelmiskiams.lt\/index.php?rest_route=\/wp\/v2\/posts\/1721\/revisions\/1723"}],"wp:featuredmedia":[{"embeddable":true,"href":"https:\/\/kelmiskiams.lt\/index.php?rest_route=\/wp\/v2\/media\/1722"}],"wp:attachment":[{"href":"https:\/\/kelmiskiams.lt\/index.php?rest_route=%2Fwp%2Fv2%2Fmedia&parent=1721"}],"wp:term":[{"taxonomy":"category","embeddable":true,"href":"https:\/\/kelmiskiams.lt\/index.php?rest_route=%2Fwp%2Fv2%2Fcategories&post=1721"},{"taxonomy":"post_tag","embeddable":true,"href":"https:\/\/kelmiskiams.lt\/index.php?rest_route=%2Fwp%2Fv2%2Ftags&post=1721"}],"curies":[{"name":"wp","href":"https:\/\/api.w.org\/{rel}","templated":true}]}}