{"id":1703,"date":"2023-04-22T03:47:17","date_gmt":"2023-04-22T03:47:17","guid":{"rendered":"https:\/\/kelmiskiams.lt\/?p=1703"},"modified":"2023-04-22T03:47:21","modified_gmt":"2023-04-22T03:47:21","slug":"pristatyti-kraziu-kolegijos-saltiniai","status":"publish","type":"post","link":"https:\/\/kelmiskiams.lt\/?p=1703","title":{"rendered":"Pristatyti \u201eKra\u017ei\u0173 kolegijos<strong> <\/strong>\u0161altiniai\u201c"},"content":{"rendered":"\n<p>Baland\u017eio 21 d. Kra\u017ei\u0173 M. K. Sarbievijaus kult\u016bros centre vyko knyg\u0173 \u201eKra\u017ei\u0173 kolegijos \u0161altiniai, saugomi j\u0117zaus draugijos archyve Romoje\u201c pirmos (1608 \u2013 1700) ir antros (1701 \u2013 1773) dalies pristatymas. Knygas pristat\u0117 j\u0173 sudarytojai dr. \u017divil\u0117 Nedzinskait\u0117 (Lietuvi\u0173 literat\u016bros ir tautosakos institutas) ir dr. Darius Antanavi\u010dius (Lietuvos istorijos institutas).<\/p>\n\n\n\n<p>Kra\u017ei\u0173 j\u0117zuit\u0173 kolegija, veikusi 1616 \u2013 1773 metais, paliko&nbsp;ry\u0161k\u0173 \u012fspaud\u0105 \u017demaitijos ir Lietuvos istorijoje.&nbsp;J\u0117zuit\u0173 ordino panaikinimas, vienuolyno pastat\u0173 valdytoj\u0173 kaita, t\u0105 p\u0117dsak\u0105 i\u0161blukino. \u0160iose knygose nugul\u0117 surinkti, i\u0161lik\u0119 dokumentai saugomi archyvuose Romoje ir Maskvoje, bei Vilniaus universiteto bibliotekoje. Dokumentin\u0117 med\u017eiaga yra \u012fvairi. Vien\u0105 jos dal\u012f sudaro \u012f Rom\u0105 si\u0173stos \u012fvairios ataskaitos apie kolegijos sielovadin\u0119, edukacin\u0119, \u016bkin\u0119 veikl\u0105, kolegijos personalin\u0119 sud\u0117t\u012f ir materialin\u0119 b\u016bkl\u0119. Kitai grupei priskiriami dokumentai atspindintys juridin\u0119, materialin\u0119 ir finansin\u0119 kolegijos \u017eem\u0117s vald\u0173 b\u016bkl\u0119.<\/p>\n\n\n\n<p>Skaitant \u0161ias knygas galima susidaryti nuosekl\u0173 vaizd\u0105, metai po met\u0173, kaip buvo kuriamas vienuolyno kompleksas. Kaip vienuoliai gyveno, su kokiomis negandomis teko susidurti ir pan.&nbsp;Juolab, kad \u0161iais&nbsp;metais sukanka 250 met\u0173&nbsp;nuo j\u0117zuit\u0173 ordino panaikinimo&nbsp;ir Kra\u017ei\u0173 kolegijos u\u017edarymo.<\/p>\n\n\n\n<p class=\"has-text-align-right\">Kra\u017ei\u0173 M. K. Sarbievijaus kult\u016bros centro muziejaus ved\u0117jas Vygantas Ma\u017eonas<a><\/a><\/p>\n\n\n\n<p class=\"has-text-align-right\">Nuotrauk\u0173 autorius J. Lipskis<\/p>\n\n\n\n<figure class=\"is-layout-flex wp-block-gallery-1 wp-block-gallery has-nested-images columns-default is-cropped\">\n<figure class=\"wp-block-image size-large\"><img decoding=\"async\" loading=\"lazy\" width=\"1024\" height=\"683\" data-id=\"1706\"  src=\"https:\/\/kelmiskiams.lt\/wp-content\/uploads\/2023\/04\/IMG_9031-1024x683.jpg\" alt=\"\" class=\"wp-image-1706\" srcset=\"https:\/\/kelmiskiams.lt\/wp-content\/uploads\/2023\/04\/IMG_9031-1024x683.jpg 1024w, https:\/\/kelmiskiams.lt\/wp-content\/uploads\/2023\/04\/IMG_9031-300x200.jpg 300w, https:\/\/kelmiskiams.lt\/wp-content\/uploads\/2023\/04\/IMG_9031-768x512.jpg 768w, https:\/\/kelmiskiams.lt\/wp-content\/uploads\/2023\/04\/IMG_9031-1536x1024.jpg 1536w, https:\/\/kelmiskiams.lt\/wp-content\/uploads\/2023\/04\/IMG_9031-2048x1365.jpg 2048w\" sizes=\"(max-width: 1024px) 100vw, 1024px\" \/><\/figure>\n\n\n\n<figure class=\"wp-block-image size-large\"><img decoding=\"async\" loading=\"lazy\" width=\"1024\" height=\"683\" data-id=\"1705\"  src=\"https:\/\/kelmiskiams.lt\/wp-content\/uploads\/2023\/04\/IMG_9026-1024x683.jpg\" alt=\"\" class=\"wp-image-1705\" srcset=\"https:\/\/kelmiskiams.lt\/wp-content\/uploads\/2023\/04\/IMG_9026-1024x683.jpg 1024w, https:\/\/kelmiskiams.lt\/wp-content\/uploads\/2023\/04\/IMG_9026-300x200.jpg 300w, https:\/\/kelmiskiams.lt\/wp-content\/uploads\/2023\/04\/IMG_9026-768x512.jpg 768w, https:\/\/kelmiskiams.lt\/wp-content\/uploads\/2023\/04\/IMG_9026-1536x1024.jpg 1536w, https:\/\/kelmiskiams.lt\/wp-content\/uploads\/2023\/04\/IMG_9026-2048x1365.jpg 2048w\" sizes=\"(max-width: 1024px) 100vw, 1024px\" \/><\/figure>\n<\/figure>\n","protected":false},"excerpt":{"rendered":"<p>Baland\u017eio 21 d. Kra\u017ei\u0173 M. K. Sarbievijaus kult\u016bros centre vyko knyg\u0173 \u201eKra\u017ei\u0173 kolegijos \u0161altiniai, saugomi j\u0117zaus draugijos archyve Romoje\u201c pirmos<\/p>\n","protected":false},"author":2,"featured_media":1704,"comment_status":"open","ping_status":"open","sticky":false,"template":"","format":"standard","meta":{"om_disable_all_campaigns":false,"_mi_skip_tracking":false},"categories":[7],"tags":[],"aioseo_notices":[],"_links":{"self":[{"href":"https:\/\/kelmiskiams.lt\/index.php?rest_route=\/wp\/v2\/posts\/1703"}],"collection":[{"href":"https:\/\/kelmiskiams.lt\/index.php?rest_route=\/wp\/v2\/posts"}],"about":[{"href":"https:\/\/kelmiskiams.lt\/index.php?rest_route=\/wp\/v2\/types\/post"}],"author":[{"embeddable":true,"href":"https:\/\/kelmiskiams.lt\/index.php?rest_route=\/wp\/v2\/users\/2"}],"replies":[{"embeddable":true,"href":"https:\/\/kelmiskiams.lt\/index.php?rest_route=%2Fwp%2Fv2%2Fcomments&post=1703"}],"version-history":[{"count":1,"href":"https:\/\/kelmiskiams.lt\/index.php?rest_route=\/wp\/v2\/posts\/1703\/revisions"}],"predecessor-version":[{"id":1707,"href":"https:\/\/kelmiskiams.lt\/index.php?rest_route=\/wp\/v2\/posts\/1703\/revisions\/1707"}],"wp:featuredmedia":[{"embeddable":true,"href":"https:\/\/kelmiskiams.lt\/index.php?rest_route=\/wp\/v2\/media\/1704"}],"wp:attachment":[{"href":"https:\/\/kelmiskiams.lt\/index.php?rest_route=%2Fwp%2Fv2%2Fmedia&parent=1703"}],"wp:term":[{"taxonomy":"category","embeddable":true,"href":"https:\/\/kelmiskiams.lt\/index.php?rest_route=%2Fwp%2Fv2%2Fcategories&post=1703"},{"taxonomy":"post_tag","embeddable":true,"href":"https:\/\/kelmiskiams.lt\/index.php?rest_route=%2Fwp%2Fv2%2Ftags&post=1703"}],"curies":[{"name":"wp","href":"https:\/\/api.w.org\/{rel}","templated":true}]}}