{"id":1668,"date":"2023-04-19T06:57:44","date_gmt":"2023-04-19T06:57:44","guid":{"rendered":"https:\/\/kelmiskiams.lt\/?p=1668"},"modified":"2023-04-19T07:05:58","modified_gmt":"2023-04-19T07:05:58","slug":"kelmes-teismo-rumus-palieka-teiseja-vilma-rasciuviene","status":"publish","type":"post","link":"https:\/\/kelmiskiams.lt\/?p=1668","title":{"rendered":"Kelm\u0117s teismo r\u016bmus paliko teis\u0117ja Vilma Ra\u0161\u010diuvien\u0117"},"content":{"rendered":"\n<p>\u0160iauli\u0173 apylink\u0117s teismo \u0160iauli\u0173 r\u016bmuose teis\u0117jo pareigas prad\u0117jo eiti teis\u0117ja Vilma Ra\u0161\u010diuvien\u0117. Iki \u0161iol teis\u0117ja V. Ra\u0161\u010diuvien\u0117 dirbo \u0160iauli\u0173 apylink\u0117s teismo Kelm\u0117s r\u016bmuose. Tai pirma teis\u0117ja \u0160iauli\u0173 apylink\u0117s teisme, kuri perkelta netaikant teis\u0117j\u0173 atrankos tvarkos, skelbia \u0160iauli\u0173 apylink\u0117s teismas.<\/p>\n\n\n\n<p>Teismo pirminink\u0117 Rasa Milvydait\u0117 \u0160iauli\u0173 r\u016bm\u0173 kolektyvui pristat\u0117 teis\u0117j\u0105 V. Ra\u0161\u010diuvien\u0119, kuri Lietuvos Respublikos Prezidento Gitano Naus\u0117dos dekretu perkelta i\u0161 \u0160iauli\u0173 apylink\u0117s teismo Kelm\u0117s r\u016bm\u0173 \u012f \u0160iauli\u0173 r\u016bmus. Nors teismas tas pats, teis\u0117j\u0173 kolektyvas ir dalis darbuotoj\u0173 pa\u017e\u012fstami, ta\u010diau V. Ra\u0161\u010diuvien\u0117 nesl\u0117p\u0117 jaudulio. \u0160iauli\u0173 r\u016bmuose teis\u0117ja V. Ra\u0161\u010diuvien\u0117 specializuosis civilin\u0117se bylose. Iki \u0161iol teis\u0117ja nagrin\u0117jo vis\u0173 kategorij\u0173 pirmosios instancijos teismams priskirtas bylas.<\/p>\n\n\n\n<p>V. Ra\u0161\u010diuvien\u0117 teis\u0117jos pareigose \u0160iauli\u0173 apylink\u0117s teismo Kelm\u0117s r\u016bmuose (iki 2017 m. gruod\u017eio 31 d. Kelm\u0117s rajono apylink\u0117s teismas) dirbo 28-erius metus.&nbsp;<\/p>\n\n\n\n<p class=\"has-text-align-right\">\u201eKelmi\u0161kiams.lt\u201c inf.<\/p>\n","protected":false},"excerpt":{"rendered":"<p>\u0160iauli\u0173 apylink\u0117s teismo \u0160iauli\u0173 r\u016bmuose teis\u0117jo pareigas prad\u0117jo eiti teis\u0117ja Vilma Ra\u0161\u010diuvien\u0117. Iki \u0161iol teis\u0117ja V. Ra\u0161\u010diuvien\u0117 dirbo \u0160iauli\u0173 apylink\u0117s<\/p>\n","protected":false},"author":2,"featured_media":1669,"comment_status":"open","ping_status":"open","sticky":false,"template":"","format":"standard","meta":{"om_disable_all_campaigns":false,"_mi_skip_tracking":false},"categories":[4],"tags":[],"aioseo_notices":[],"_links":{"self":[{"href":"https:\/\/kelmiskiams.lt\/index.php?rest_route=\/wp\/v2\/posts\/1668"}],"collection":[{"href":"https:\/\/kelmiskiams.lt\/index.php?rest_route=\/wp\/v2\/posts"}],"about":[{"href":"https:\/\/kelmiskiams.lt\/index.php?rest_route=\/wp\/v2\/types\/post"}],"author":[{"embeddable":true,"href":"https:\/\/kelmiskiams.lt\/index.php?rest_route=\/wp\/v2\/users\/2"}],"replies":[{"embeddable":true,"href":"https:\/\/kelmiskiams.lt\/index.php?rest_route=%2Fwp%2Fv2%2Fcomments&post=1668"}],"version-history":[{"count":2,"href":"https:\/\/kelmiskiams.lt\/index.php?rest_route=\/wp\/v2\/posts\/1668\/revisions"}],"predecessor-version":[{"id":1671,"href":"https:\/\/kelmiskiams.lt\/index.php?rest_route=\/wp\/v2\/posts\/1668\/revisions\/1671"}],"wp:featuredmedia":[{"embeddable":true,"href":"https:\/\/kelmiskiams.lt\/index.php?rest_route=\/wp\/v2\/media\/1669"}],"wp:attachment":[{"href":"https:\/\/kelmiskiams.lt\/index.php?rest_route=%2Fwp%2Fv2%2Fmedia&parent=1668"}],"wp:term":[{"taxonomy":"category","embeddable":true,"href":"https:\/\/kelmiskiams.lt\/index.php?rest_route=%2Fwp%2Fv2%2Fcategories&post=1668"},{"taxonomy":"post_tag","embeddable":true,"href":"https:\/\/kelmiskiams.lt\/index.php?rest_route=%2Fwp%2Fv2%2Ftags&post=1668"}],"curies":[{"name":"wp","href":"https:\/\/api.w.org\/{rel}","templated":true}]}}