{"id":1653,"date":"2023-04-17T17:42:13","date_gmt":"2023-04-17T17:42:13","guid":{"rendered":"https:\/\/kelmiskiams.lt\/?p=1653"},"modified":"2023-04-17T17:42:14","modified_gmt":"2023-04-17T17:42:14","slug":"rajono-liberalai-pasieke-savo-investicijas-kuruos-politikos-naujokas","status":"publish","type":"post","link":"https:\/\/kelmiskiams.lt\/?p=1653","title":{"rendered":"Rajono liberalai pasiek\u0117 savo. Investicijas kuruos politikos naujokas"},"content":{"rendered":"\n<p>Pirmadienio vakar\u0105 neatsirado daugiau ai\u0161kumo d\u0117l b\u016bsimos Tarybos valdan\u010diosios daugumos sudarymo, nes jau ir penktadien\u012f buvo ai\u0161ku, kad \u012f valdan\u010di\u0105j\u0105 koalicij\u0105 jungiasi dvi \u017dali\u0173j\u0173 partijos atstov\u0117s. Pasak savivaldyb\u0117s mero, kalbamasi ir su du mandatus turin\u010diais <em>valstie\u010diais<\/em>, nors \u0161ios politin\u0117s organizacijos skyriaus pirmininkas Juozas Rimkus portalui sak\u0117, jog pozicijos nekei\u010dia ir laikosi dar po rinkim\u0173 priimto sprendimo \u012f valdan\u010di\u0105j\u0105 daugum\u0105 nesijungti.<\/p>\n\n\n\n<p>Meras Ildefonsas Petkevi\u010dius \u201eKelmi\u0161kiams.lt\u201c sak\u0117: norisi stabilios daugumos Taryboje, kad b\u016bt\u0173 galima produktyviai \u012fgyvendinti u\u017esibr\u0117\u017etus tikslus.<\/p>\n\n\n<div class=\"wp-block-image\">\n<figure class=\"alignright size-full is-resized\"><img decoding=\"async\" loading=\"lazy\" src=\"https:\/\/kelmiskiams.lt\/wp-content\/uploads\/2023\/04\/Kmitas-1.jpeg\" alt=\"\" class=\"wp-image-1655\" width=\"147\" height=\"221\" srcset=\"https:\/\/kelmiskiams.lt\/wp-content\/uploads\/2023\/04\/Kmitas-1.jpeg 644w, https:\/\/kelmiskiams.lt\/wp-content\/uploads\/2023\/04\/Kmitas-1-200x300.jpeg 200w\" sizes=\"(max-width: 147px) 100vw, 147px\" \/><figcaption class=\"wp-element-caption\">E. Kmitas. VRK nuotr.<\/figcaption><\/figure><\/div>\n\n\n<p>\u201eNorisi stabilumo. Toliau dirbame, kalbame su galimais koalicijos partneriais. Tikim\u0117s tur\u0117ti tvirt\u0105 daugum\u0105 Taryboje\u201c, \u2013 sak\u0117 meras.<\/p>\n\n\n\n<p>Po pra\u0117jus\u012f penktadien\u012f kilusio s\u0105my\u0161io tarp partijos \u201eLaisv\u0117 ir teisingumas\u201c bei liberal\u0173 atstov\u0173, pirmadien\u012f liberalams pavyko u\u017esitikrinti vieno i\u0161 keturi\u0173 valdantiesiems priklausan\u010di\u0173 komitet\u0173 pirmininko pozicij\u0105. Investicij\u0173, \u016bkio ir kaimo reikal\u0173 komitetui vadovaus liberalas Evaldas Kmitas, kuris dar mero rinkim\u0173 kampanijos debatuose sak\u0117 investuotoj\u0173 ie\u0161kosiantis internete. Belieka tik\u0117tis, kad aktyvios politin\u0117s patirties neturin\u010diam politikui pavyks susidoroti su u\u017eduotimis daug sri\u010di\u0173 apiman\u010diame komitete. <\/p>\n\n\n\n<p>Bir\u017eelio m\u0117nes\u012f rajono liberal\u0173 pirmininku grei\u010diausiai tapsiantis E. Kmitas savo pasiektos pergal\u0117s koalicijos formavime nekomentuoja.<\/p>\n\n\n\n<p>Savivaldyb\u0117s meras, pana\u0161u, nesitiki iki pirmojo pos\u0117d\u017eio pasira\u0161yti koalicijos sutarties, nors dar prie\u0161 kelias savaites \u201eKelmi\u0161kiams.lt\u201c sak\u0117, kad viskas greitai bus ai\u0161ku.<\/p>\n\n\n\n<p>\u201eTikiuosi tre\u010diadien\u012f pasira\u0161ysime preliminar\u0173 koalicijos susitarim\u0105, o sutart\u012f galime sudaryti ir kit\u0105 savait\u0119\u201c, \u2013 sak\u0117 rajono vadovas.<\/p>\n\n\n\n<p>Naujos kadencijos Tarybos nariai ir meras prisieks \u0161\u012f ketvirtadien\u012f.<\/p>\n\n\n\n<p class=\"has-text-align-right\">\u201eKelmi\u0161kiams.lt\u201c inf., asociatyvi Pexels.com nuotr. <\/p>\n\n\n\n<p><\/p>\n","protected":false},"excerpt":{"rendered":"<p>Pirmadienio vakar\u0105 neatsirado daugiau ai\u0161kumo d\u0117l b\u016bsimos Tarybos valdan\u010diosios daugumos sudarymo, nes jau ir penktadien\u012f buvo ai\u0161ku, kad \u012f valdan\u010di\u0105j\u0105<\/p>\n","protected":false},"author":1,"featured_media":1657,"comment_status":"open","ping_status":"open","sticky":false,"template":"","format":"standard","meta":{"om_disable_all_campaigns":false,"_mi_skip_tracking":false},"categories":[4],"tags":[],"aioseo_notices":[],"_links":{"self":[{"href":"https:\/\/kelmiskiams.lt\/index.php?rest_route=\/wp\/v2\/posts\/1653"}],"collection":[{"href":"https:\/\/kelmiskiams.lt\/index.php?rest_route=\/wp\/v2\/posts"}],"about":[{"href":"https:\/\/kelmiskiams.lt\/index.php?rest_route=\/wp\/v2\/types\/post"}],"author":[{"embeddable":true,"href":"https:\/\/kelmiskiams.lt\/index.php?rest_route=\/wp\/v2\/users\/1"}],"replies":[{"embeddable":true,"href":"https:\/\/kelmiskiams.lt\/index.php?rest_route=%2Fwp%2Fv2%2Fcomments&post=1653"}],"version-history":[{"count":3,"href":"https:\/\/kelmiskiams.lt\/index.php?rest_route=\/wp\/v2\/posts\/1653\/revisions"}],"predecessor-version":[{"id":1659,"href":"https:\/\/kelmiskiams.lt\/index.php?rest_route=\/wp\/v2\/posts\/1653\/revisions\/1659"}],"wp:featuredmedia":[{"embeddable":true,"href":"https:\/\/kelmiskiams.lt\/index.php?rest_route=\/wp\/v2\/media\/1657"}],"wp:attachment":[{"href":"https:\/\/kelmiskiams.lt\/index.php?rest_route=%2Fwp%2Fv2%2Fmedia&parent=1653"}],"wp:term":[{"taxonomy":"category","embeddable":true,"href":"https:\/\/kelmiskiams.lt\/index.php?rest_route=%2Fwp%2Fv2%2Fcategories&post=1653"},{"taxonomy":"post_tag","embeddable":true,"href":"https:\/\/kelmiskiams.lt\/index.php?rest_route=%2Fwp%2Fv2%2Ftags&post=1653"}],"curies":[{"name":"wp","href":"https:\/\/api.w.org\/{rel}","templated":true}]}}