{"id":1650,"date":"2023-04-17T11:46:52","date_gmt":"2023-04-17T11:46:52","guid":{"rendered":"https:\/\/kelmiskiams.lt\/?p=1650"},"modified":"2023-04-17T11:46:53","modified_gmt":"2023-04-17T11:46:53","slug":"pasauline-kulturos-diena-kraziuose","status":"publish","type":"post","link":"https:\/\/kelmiskiams.lt\/?p=1650","title":{"rendered":"Pasaulin\u0117 kult\u016bros diena Kra\u017eiuose"},"content":{"rendered":"\n<p>\u201eNuo\u0161ird\u017eiai sveikiname Jus Pasaulin\u0117s kult\u016bros dienos proga\u201d \u2013 sak\u0117 rengin\u012f vedusi Kelm\u0117s r. savivaldyb\u0117s administracijos \u0161vietimo, kult\u016bros ir sporto skyriaus ved\u0117ja Justina Zaleckien\u0117, d\u0117kodama Kelm\u0117s rajono kult\u016bros bendruomenei u\u017e nuo\u0161irdum\u0105 ir profesionalum\u0105, k\u016brybinius atradimus, ry\u0161kius pasiekimus ir u\u017e kasdien\u012f darb\u0105 puosel\u0117jant tradicijas, organizuojamais renginiais garsinant Kelm\u0117s kra\u0161t\u0105.<\/p>\n\n\n\n<p>Kelm\u0117s rajono meras Ildefonsas Petkevi\u010dius \u0161vent\u0117s proga link\u0117jo nei\u0161senkan\u010di\u0173 k\u016brybini\u0173 atradim\u0173, toliau nenurimti, nepavargti, dr\u0105sos sumanymams \u012fgyvendinti, sveikatos, stipryb\u0117s, t\u0119sti prad\u0117tus darbus, siekti vis auk\u0161tesni\u0173 tiksl\u0173 bei pasidid\u017eiavimo savo kilnia misija.<\/p>\n\n\n\n<p>Kra\u0161to kult\u016bros bendruomen\u0119 sveikino Kelm\u0117s rajono savivaldyb\u0117s tarybos \u0161vietimo, kult\u016bros ir vie\u0161osios tvarkos komiteto pirminink\u0117 Emilija Kvietkuvien\u0117, Kelm\u0117s rajono savivaldyb\u0117s administracijos direktorius Stasys Jokubauskas.<\/p>\n\n\n\n<p>\u0160vent\u0117s metu Kelm\u0117s rajono savivaldyb\u0117s mero pad\u0117kos ra\u0161tai u\u017e k\u016brybinius sumanymus, u\u017e inovacijas, u\u017e tradicij\u0173 puosel\u0117jim\u0105 \u012fteikti Kelm\u0117s kra\u0161to muziejaus padalinio U\u017even\u010dio muziejaus vyr. muziejininkei Mildai Knyzelienei, \u0160auk\u0117n\u0173 kult\u016bros ir amat\u0173 centro vyr. etnin\u0117s kult\u016bros specialistei Gitanai Urmonienei, Kra\u017ei\u0173 M.K. Sarbievijaus kult\u016bros centro Kra\u017ei\u0173 bibliotekos ved\u0117jai Renatai Norvai\u0161ienei ir Kelm\u0117s kult\u016bros centro rengini\u0173 re\u017eisierei Sandrai Zakarienei.<\/p>\n\n\n\n<p>Kelm\u0117s rajono savivaldyb\u0117s administracijos direktoriaus Stasio Jokubausko pad\u0117kos ra\u0161tai \u012fteikti U\u017even\u010dio kult\u016bros centro direktorei Odetai Kuli\u010dauskienei ir m\u0117g\u0117j\u0173 meno kolektyvo vadovei Jurgitai Mickevi\u010dienei, Kelm\u0117s r. savivaldyb\u0117s \u017demait\u0117s vie\u0161osios bibliotekos vyr. bibliotekininkams Danguolei Garnienei ir Rolandui Kan\u010dauskui, Tytuv\u0117n\u0173 kult\u016bros centro Mockai\u010di\u0173 skyriaus rengini\u0173 organizatorei Irenai Sabaliauskienei, Pakra\u017ean\u010dio kult\u016bros centro kult\u016brini\u0173 rengini\u0173 organizatorei R\u016btai Palubeckienei, Kra\u017ei\u0173 M.K. Sarbievijaus kult\u016bros centro meno skyriaus ved\u0117jai Simonai \u0160arauskienei.<\/p>\n\n\n\n<p>Kelm\u0117s r. savivaldyb\u0117s met\u0173 kult\u016bros darbuotojo premija \u012fteikta Kelm\u0117s kra\u0161to muziejaus direktorei Danutei \u017dalpienei u\u017e ind\u0117l\u012f muziejui kaupiant ,saugant ir&nbsp; tiriant Kelm\u0117s kra\u0161to istorijos ir kult\u016bros vertybes.<\/p>\n\n\n\n<p>\u0160vent\u0117s proga kult\u016bros darbuotojams dainas dovanojo \u201eX faktoriuje\u201c i\u0161gars\u0117jusi Gabija Aleknavi\u010di\u016bt\u0117, kuriai gitara akompanavo D\u017eiugas Juz\u0117nas.<\/p>\n\n\n\n<p class=\"has-text-align-right\">Ritos \u0160\u010diglinskien\u0117s inf. ir nuotr.<\/p>\n","protected":false},"excerpt":{"rendered":"<p>\u201eNuo\u0161ird\u017eiai sveikiname Jus Pasaulin\u0117s kult\u016bros dienos proga\u201d \u2013 sak\u0117 rengin\u012f vedusi Kelm\u0117s r. savivaldyb\u0117s administracijos \u0161vietimo, kult\u016bros ir sporto skyriaus<\/p>\n","protected":false},"author":2,"featured_media":1651,"comment_status":"open","ping_status":"open","sticky":false,"template":"","format":"standard","meta":{"om_disable_all_campaigns":false,"_mi_skip_tracking":false},"categories":[7],"tags":[],"aioseo_notices":[],"_links":{"self":[{"href":"https:\/\/kelmiskiams.lt\/index.php?rest_route=\/wp\/v2\/posts\/1650"}],"collection":[{"href":"https:\/\/kelmiskiams.lt\/index.php?rest_route=\/wp\/v2\/posts"}],"about":[{"href":"https:\/\/kelmiskiams.lt\/index.php?rest_route=\/wp\/v2\/types\/post"}],"author":[{"embeddable":true,"href":"https:\/\/kelmiskiams.lt\/index.php?rest_route=\/wp\/v2\/users\/2"}],"replies":[{"embeddable":true,"href":"https:\/\/kelmiskiams.lt\/index.php?rest_route=%2Fwp%2Fv2%2Fcomments&post=1650"}],"version-history":[{"count":1,"href":"https:\/\/kelmiskiams.lt\/index.php?rest_route=\/wp\/v2\/posts\/1650\/revisions"}],"predecessor-version":[{"id":1652,"href":"https:\/\/kelmiskiams.lt\/index.php?rest_route=\/wp\/v2\/posts\/1650\/revisions\/1652"}],"wp:featuredmedia":[{"embeddable":true,"href":"https:\/\/kelmiskiams.lt\/index.php?rest_route=\/wp\/v2\/media\/1651"}],"wp:attachment":[{"href":"https:\/\/kelmiskiams.lt\/index.php?rest_route=%2Fwp%2Fv2%2Fmedia&parent=1650"}],"wp:term":[{"taxonomy":"category","embeddable":true,"href":"https:\/\/kelmiskiams.lt\/index.php?rest_route=%2Fwp%2Fv2%2Fcategories&post=1650"},{"taxonomy":"post_tag","embeddable":true,"href":"https:\/\/kelmiskiams.lt\/index.php?rest_route=%2Fwp%2Fv2%2Ftags&post=1650"}],"curies":[{"name":"wp","href":"https:\/\/api.w.org\/{rel}","templated":true}]}}