{"id":1642,"date":"2023-04-17T05:22:09","date_gmt":"2023-04-17T05:22:09","guid":{"rendered":"https:\/\/kelmiskiams.lt\/?p=1642"},"modified":"2023-04-17T06:14:15","modified_gmt":"2023-04-17T06:14:15","slug":"savivaldybes-taryboje-mazinamas-komitetu-skaicius","status":"publish","type":"post","link":"https:\/\/kelmiskiams.lt\/?p=1642","title":{"rendered":"Savivaldyb\u0117s taryboje ma\u017einamas komitet\u0173 skai\u010dius"},"content":{"rendered":"\n<p>Ketvirtadien\u012f darb\u0105 prad\u0117sian\u010dioje Rajono taryboje bus vienu komitetu ma\u017eiau. Tok\u012f \u017eingsn\u012f savivaldyb\u0117s meras Ildefonsas Petkevi\u010dius vadina b\u016btinu. \u201eKai kada persipindavo nagrin\u0117jami klausimai, tie patys Tarybos nariai t\u0105 pat\u012f klausim\u0105 nagrin\u0117davo jau skirtinguose komitetuose. Buvo gai\u0161tamas laikas. N\u0117ra tikslinga, tod\u0117l Tarybai bus si\u016bloma patvirtinti ma\u017eesn\u012f komitet\u0173 skai\u010di\u0173\u201c, \u2013 \u201eKelmi\u0161kiams.lt\u201c sak\u0117 I. Petkevi\u010dius.<\/p>\n\n\n\n<p>Naujos kadencijos Taryboje bus Biud\u017eeto ir ekonomikos, Investicij\u0173, \u016bkio ir kaimo reikal\u0173, Socialini\u0173 klausim\u0173 ir sveikatos, \u0160vietimo, kult\u016bros ir teis\u0117tvarkos bei Tarybos opozicijos vadovaujamas Kontrol\u0117s komitetas.<\/p>\n\n\n\n<p>Naujos kadencijos Tarybos nariai prisieks ketvirtadien\u012f. Ketvirtadien\u012f bus tvirtinami ir komitetai.<\/p>\n\n\n\n<p class=\"has-text-align-right\">\u201eKelmi\u0161kiams.lt\u201c inf.<\/p>\n","protected":false},"excerpt":{"rendered":"<p>Ketvirtadien\u012f darb\u0105 prad\u0117sian\u010dioje Rajono taryboje bus vienu komitetu ma\u017eiau. Tok\u012f \u017eingsn\u012f savivaldyb\u0117s meras Ildefonsas Petkevi\u010dius vadina b\u016btinu. \u201eKai kada persipindavo<\/p>\n","protected":false},"author":2,"featured_media":483,"comment_status":"open","ping_status":"open","sticky":false,"template":"","format":"standard","meta":{"om_disable_all_campaigns":false,"_mi_skip_tracking":false},"categories":[4],"tags":[],"aioseo_notices":[],"_links":{"self":[{"href":"https:\/\/kelmiskiams.lt\/index.php?rest_route=\/wp\/v2\/posts\/1642"}],"collection":[{"href":"https:\/\/kelmiskiams.lt\/index.php?rest_route=\/wp\/v2\/posts"}],"about":[{"href":"https:\/\/kelmiskiams.lt\/index.php?rest_route=\/wp\/v2\/types\/post"}],"author":[{"embeddable":true,"href":"https:\/\/kelmiskiams.lt\/index.php?rest_route=\/wp\/v2\/users\/2"}],"replies":[{"embeddable":true,"href":"https:\/\/kelmiskiams.lt\/index.php?rest_route=%2Fwp%2Fv2%2Fcomments&post=1642"}],"version-history":[{"count":4,"href":"https:\/\/kelmiskiams.lt\/index.php?rest_route=\/wp\/v2\/posts\/1642\/revisions"}],"predecessor-version":[{"id":1647,"href":"https:\/\/kelmiskiams.lt\/index.php?rest_route=\/wp\/v2\/posts\/1642\/revisions\/1647"}],"wp:featuredmedia":[{"embeddable":true,"href":"https:\/\/kelmiskiams.lt\/index.php?rest_route=\/wp\/v2\/media\/483"}],"wp:attachment":[{"href":"https:\/\/kelmiskiams.lt\/index.php?rest_route=%2Fwp%2Fv2%2Fmedia&parent=1642"}],"wp:term":[{"taxonomy":"category","embeddable":true,"href":"https:\/\/kelmiskiams.lt\/index.php?rest_route=%2Fwp%2Fv2%2Fcategories&post=1642"},{"taxonomy":"post_tag","embeddable":true,"href":"https:\/\/kelmiskiams.lt\/index.php?rest_route=%2Fwp%2Fv2%2Ftags&post=1642"}],"curies":[{"name":"wp","href":"https:\/\/api.w.org\/{rel}","templated":true}]}}