{"id":1633,"date":"2023-04-14T10:08:00","date_gmt":"2023-04-14T10:08:00","guid":{"rendered":"https:\/\/kelmiskiams.lt\/?p=1633"},"modified":"2023-04-14T10:08:17","modified_gmt":"2023-04-14T10:08:17","slug":"nors-ir-su-trikdziais-bet-koalicija-taryboje-aiskeja","status":"publish","type":"post","link":"https:\/\/kelmiskiams.lt\/?p=1633","title":{"rendered":"Nors ir su trikd\u017eiais, bet koalicija Taryboje ai\u0161k\u0117ja"},"content":{"rendered":"\n<p>Penktadienio vidurdien\u012f dar nebuvo ai\u0161ku kokia valdan\u010dioji dauguma Taryboje bus suformuota, nes vakar paai\u0161k\u0117jo, kad ne visi \u012f Taryb\u0105 i\u0161rinkti konservatoriai pritaria dalyvavimui koalicijoje. Ketvirtadien\u012f vakare stabdyti naryst\u0119 konservatori\u0173 partijoje parei\u0161k\u0117 Tautvilas Putvis, kuris nenori jungtis \u012f koalicij\u0105 su partijos \u201eLaisv\u0117 ir teisingumas\u201c atstovais. Priminsime, kad dar pra\u0117jusi\u0105 savait\u0119 stabdyti naryst\u0119 TS-LKD partijoje parei\u0161k\u0117 ir ilgametis konservatorius Egidijus \u016aksas. \u201eKelmi\u0161kiams.lt\u201c dar keli konservatoriai yra sak\u0119 pradedantys abejoti naryste partijoje, o ketin\u0119 prie konservatori\u0173 jungtis \u2013 \u0161iuo metu to daryti nebeketina.<\/p>\n\n\n\n<p>\u201eTaip, jis (<em>red. \u2013 T.Putvis<\/em>) pasak\u0117, kad jam po <em>\u017demaitai\u010dio v\u0117liava<\/em> \u2013 ne pakeliui\u201c, \u2013 penktadien\u012f \u201eKelmi\u0161kiams.lt\u201c sak\u0117 rajono meras Ildefonsas Petkevi\u010dius.<\/p>\n\n\n\n<p>Kitas TS-LKD s\u0105ra\u0161e i\u0161rinktas Tarybos narys Saulius Mockus, kuris yra ir partijos skyriaus pirmininkas, koalicijoje lieka bei su 2 liberal\u0173 atstovais sudaro frakcij\u0105. <\/p>\n\n\n\n<p>Penktadienio ryt\u0105 10 mandat\u0173 gavusius partijos \u201eLaisv\u0117 ir teisingumas\u201c atstovus bei savivaldyb\u0117s mer\u0105 nustebino liberal\u0173 parei\u0161kimas, kad jie nori vadovauti vienam i\u0161 komitet\u0173, nors, pasak mero, i\u0161vakar\u0117se tokio noro liberalai neteik\u0117. <\/p>\n\n\n\n<p>\u201eVakar buvo kalbama vienaip, \u0161iandien \u2013 kitaip. Tur\u0117sime derintis. Politika \u2013 deryb\u0173 menas. Palikome \u0161\u012f klausim\u0105 iki pirmadienio. Tada susitiksime ir matysime\u201c, \u2013 sak\u0117 meras I. Petkevi\u010dius.<\/p>\n\n\n\n<p>\u201eKelmi\u0161kiams.lt\u201c pavard\u0117s nenor\u0117j\u0119s \u012fvardinti liberal\u0173 partijos atstovas sak\u0117, jog vakar susitikime komiteto pirmininko postas buvo si\u016blomas konservatoriui S. Mockui, bet jis atsisak\u0117. Tod\u0117l \u0161iandien ir buvo nuspr\u0119sta, kad liberal\u0173 ir konservatori\u0173 frakcija nori vieno i\u0161 b\u016bsim\u0173 keturi\u0173 komitet\u0173. Tada, pasak \u0161altinio, kilo nepasitenkinimas tarpe \u201eLaisv\u0117 ir teisingumas\u201c atstov\u0173, nes pirminink\u0173 pozicijos jau buvo pa\u017ead\u0117tos jiems. <\/p>\n\n\n\n<p>Neatmetama galimyb\u0117, kad \u012f valdan\u010di\u0105j\u0105 daugum\u0105 jungsis dvi \u017dali\u0173j\u0173 partijos atstov\u0117s, nors j\u0173 dalyvavim\u0105 valdan\u010diojoje daugumoje kiek anks\u010diau \u201eLaisv\u0117 ir teisingumas\u201c atstovai vadino ne\u012fmanomu, ta\u010diau dabar, pana\u0161u, jungimuisi \u012f koalicij\u0105 nebeprie\u0161tarauja. <\/p>\n\n\n\n<p>\u201eBuvome susitik\u0119 su meru, pasikalb\u0117jome d\u0117l dalyvavimo koalicijoje. Per savaitgal\u012f pagalvosime ir pirmadien\u012f priimsime sprendim\u0105\u201c, \u2013 portalui sak\u0117 \u017dali\u0173j\u0173 partijos pirminink\u0117 Lina Samulyt\u0117. <\/p>\n\n\n\n<p>Neatmetama galimyb\u0117, kad \u017ealieji kvie\u010diami \u012f valdan\u010di\u0105j\u0105 daugum\u0105 norint apsidrausti, jei komiteto pirmininko pozicijos negav\u0119 liberalai nuspr\u0119st\u0173 palikti valdan\u010di\u0105j\u0105 koalicij\u0105. \u017dali\u0173j\u0173 partijos atstov\u0117s, grei\u010diausiai, pageidavim\u0173 nekels.<\/p>\n\n\n\n<p>Galimyb\u0119 sudaryti koalicij\u0105 su 6 mandatus gavusiais socialdemokratais rajono meras I. Petkevi\u010dius vertino atsargiai ir sak\u0117 tai b\u016bt\u0173 \u012fmanoma tik kra\u0161tutiniu atveju.<\/p>\n\n\n\n<p>\u201eTikrai ma\u017ea tikimyb\u0117, kad eitume \u012f valdan\u010di\u0105j\u0105 daugum\u0105 su mero vedama partija. Dirbsime opozicijoje\u201c, \u2013 penktadien\u012f sak\u0117 rajono socialdemokrat\u0173 pirmininkas Stasys Jokubauskas.<\/p>\n\n\n\n<p>Naujos kadencijos taryba ir meras prisieks kit\u0105 ketvirtadien\u012f vyksian\u010diame pirmajame naujos kadencijos Tarybos pos\u0117dyje. <\/p>\n\n\n\n<p class=\"has-text-align-right\">\u201eKelmi\u0161kiams.lt\u201c inf.<\/p>\n\n\n\n<p><\/p>\n","protected":false},"excerpt":{"rendered":"<p>Penktadienio vidurdien\u012f dar nebuvo ai\u0161ku kokia valdan\u010dioji dauguma Taryboje bus suformuota, nes vakar paai\u0161k\u0117jo, kad ne visi \u012f Taryb\u0105 i\u0161rinkti<\/p>\n","protected":false},"author":2,"featured_media":1342,"comment_status":"open","ping_status":"open","sticky":false,"template":"","format":"standard","meta":{"om_disable_all_campaigns":false,"_mi_skip_tracking":false},"categories":[4],"tags":[],"aioseo_notices":[],"_links":{"self":[{"href":"https:\/\/kelmiskiams.lt\/index.php?rest_route=\/wp\/v2\/posts\/1633"}],"collection":[{"href":"https:\/\/kelmiskiams.lt\/index.php?rest_route=\/wp\/v2\/posts"}],"about":[{"href":"https:\/\/kelmiskiams.lt\/index.php?rest_route=\/wp\/v2\/types\/post"}],"author":[{"embeddable":true,"href":"https:\/\/kelmiskiams.lt\/index.php?rest_route=\/wp\/v2\/users\/2"}],"replies":[{"embeddable":true,"href":"https:\/\/kelmiskiams.lt\/index.php?rest_route=%2Fwp%2Fv2%2Fcomments&post=1633"}],"version-history":[{"count":2,"href":"https:\/\/kelmiskiams.lt\/index.php?rest_route=\/wp\/v2\/posts\/1633\/revisions"}],"predecessor-version":[{"id":1635,"href":"https:\/\/kelmiskiams.lt\/index.php?rest_route=\/wp\/v2\/posts\/1633\/revisions\/1635"}],"wp:featuredmedia":[{"embeddable":true,"href":"https:\/\/kelmiskiams.lt\/index.php?rest_route=\/wp\/v2\/media\/1342"}],"wp:attachment":[{"href":"https:\/\/kelmiskiams.lt\/index.php?rest_route=%2Fwp%2Fv2%2Fmedia&parent=1633"}],"wp:term":[{"taxonomy":"category","embeddable":true,"href":"https:\/\/kelmiskiams.lt\/index.php?rest_route=%2Fwp%2Fv2%2Fcategories&post=1633"},{"taxonomy":"post_tag","embeddable":true,"href":"https:\/\/kelmiskiams.lt\/index.php?rest_route=%2Fwp%2Fv2%2Ftags&post=1633"}],"curies":[{"name":"wp","href":"https:\/\/api.w.org\/{rel}","templated":true}]}}