{"id":1526,"date":"2023-03-28T13:21:54","date_gmt":"2023-03-28T13:21:54","guid":{"rendered":"https:\/\/kelmiskiams.lt\/?p=1526"},"modified":"2023-03-29T04:13:56","modified_gmt":"2023-03-29T04:13:56","slug":"simtamete-is-kraziu","status":"publish","type":"post","link":"https:\/\/kelmiskiams.lt\/?p=1526","title":{"rendered":"\u0160imtamet\u0117 i\u0161 Kra\u017ei\u0173"},"content":{"rendered":"\n<p>Kovo 27 d. garbing\u0105 100 met\u0173 jubiliej\u0173 sutiko Kra\u017ei\u0173 miestelio gyventoja Zofija Jocyt\u0117. Gra\u017eios sukakties sulaukusi\u0105, ta\u010diau sveikatos ir geros nuotaikos nestokojan\u010di\u0105 kra\u017ei\u0161k\u0119 pasveikino savivaldyb\u0117s administracijos direktorius Stasys Jokubauskas ir Socialin\u0117s paramos skyriaus vyriausioji specialist\u0117 Vilma Chmieliauskien\u0117. <\/p>\n\n\n\n<p>Zofija Jocyt\u0117 n\u0117ra vienintel\u0117 100 met\u0173 sulaukusi ir rajone gyvenanti ilgaam\u017e\u0117. Dar viena \u0161imtamet\u0117 gyvena U\u017even\u010dio seni\u016bnijoje.  \u0160iais metais garbingo \u0161imto met\u0173 jubiliejaus sulauks dvi rajono gyventojos i\u0161 Tytuv\u0117n\u0173 apylinki\u0173 seni\u016bnijos ir viena u\u017eventi\u0161k\u0117.   <\/p>\n\n\n\n<p class=\"has-text-align-right\">\u201eKelmi\u0161kiams.lt\u201c inf., Socialin\u0117s paramos skyriaus nuotr.<\/p>\n","protected":false},"excerpt":{"rendered":"<p>Kovo 27 d. garbing\u0105 100 met\u0173 jubiliej\u0173 sutiko Kra\u017ei\u0173 miestelio gyventoja Zofija Jocyt\u0117. Gra\u017eios sukakties sulaukusi\u0105, ta\u010diau sveikatos ir geros<\/p>\n","protected":false},"author":2,"featured_media":1527,"comment_status":"open","ping_status":"open","sticky":false,"template":"","format":"standard","meta":{"om_disable_all_campaigns":false,"_mi_skip_tracking":false},"categories":[4],"tags":[],"aioseo_notices":[],"_links":{"self":[{"href":"https:\/\/kelmiskiams.lt\/index.php?rest_route=\/wp\/v2\/posts\/1526"}],"collection":[{"href":"https:\/\/kelmiskiams.lt\/index.php?rest_route=\/wp\/v2\/posts"}],"about":[{"href":"https:\/\/kelmiskiams.lt\/index.php?rest_route=\/wp\/v2\/types\/post"}],"author":[{"embeddable":true,"href":"https:\/\/kelmiskiams.lt\/index.php?rest_route=\/wp\/v2\/users\/2"}],"replies":[{"embeddable":true,"href":"https:\/\/kelmiskiams.lt\/index.php?rest_route=%2Fwp%2Fv2%2Fcomments&post=1526"}],"version-history":[{"count":4,"href":"https:\/\/kelmiskiams.lt\/index.php?rest_route=\/wp\/v2\/posts\/1526\/revisions"}],"predecessor-version":[{"id":1531,"href":"https:\/\/kelmiskiams.lt\/index.php?rest_route=\/wp\/v2\/posts\/1526\/revisions\/1531"}],"wp:featuredmedia":[{"embeddable":true,"href":"https:\/\/kelmiskiams.lt\/index.php?rest_route=\/wp\/v2\/media\/1527"}],"wp:attachment":[{"href":"https:\/\/kelmiskiams.lt\/index.php?rest_route=%2Fwp%2Fv2%2Fmedia&parent=1526"}],"wp:term":[{"taxonomy":"category","embeddable":true,"href":"https:\/\/kelmiskiams.lt\/index.php?rest_route=%2Fwp%2Fv2%2Fcategories&post=1526"},{"taxonomy":"post_tag","embeddable":true,"href":"https:\/\/kelmiskiams.lt\/index.php?rest_route=%2Fwp%2Fv2%2Ftags&post=1526"}],"curies":[{"name":"wp","href":"https:\/\/api.w.org\/{rel}","templated":true}]}}