{"id":1504,"date":"2023-03-23T09:12:14","date_gmt":"2023-03-23T09:12:14","guid":{"rendered":"https:\/\/kelmiskiams.lt\/?p=1504"},"modified":"2023-03-23T09:15:19","modified_gmt":"2023-03-23T09:15:19","slug":"elvyravos-mokykla-islieka-savarankiska-ugdymo-istaiga","status":"publish","type":"post","link":"https:\/\/kelmiskiams.lt\/?p=1504","title":{"rendered":"Elvyravos mokykla i\u0161lieka savaranki\u0161ka ugdymo \u012fstaiga"},"content":{"rendered":"\n<p>Ketvirtadien\u012f paskutiniame \u0161ios kadencijos Rajono tarybos pos\u0117dyje politikai nepritar\u0117 Elvyravos pagrindin\u0117s mokyklos reorganizacijai. Mokykla ir toliau i\u0161lieka savaranki\u0161ku juridiniu vienetu. \u0160vietimo, kult\u016bros ir vie\u0161osios tvarkos komiteto pirminink\u0117 pasi\u016bl\u0117 koreguoti rajono mokykl\u0173 tinklo pertvarkos plan\u0105 ir Elvyravos pagrindin\u0117s mokyklos klausim\u0105 nukelti metams. Tam pritar\u0117 23 kadencij\u0105 baigiantys tarybos nariai.<\/p>\n\n\n\n<p>Prie\u0161 savait\u0119 \u0161ios mokyklos direktor\u0117 sak\u0117, kad ugdymo planui \u012fgyvendinti l\u0117\u0161\u0173 pakanka, \u0161iais mokslo metais mokykloje mokosi 108 mokiniai, kitais mokslo metais planuoja mokytis 114 mokini\u0173, \u2013 sak\u0117 G. Maziliauskien\u0117.<\/p>\n\n\n\n<p>Savivaldyb\u0117s administracij\u0105 reorganizacijos b\u016btinum\u0105 grind\u0117 tuo, kad Elvyravos pagrindinei mokyklai tr\u016bksta l\u0117\u0161\u0173 ugdymo procesui ir \u0161vietimo pagalbai organizuoti. \u0160vietimo, mokslo ir sporto ministerija \u0161iais mokslo metais yra skyrusi 405&nbsp;828 Eur, o poreikis \u2013 436&nbsp;465 Eur.<\/p>\n\n\n\n<p>\u2013 Reorganizavimo tikslas \u2013 tr\u016bkstant valdymo l\u0117\u0161\u0173 didinti biud\u017eetini\u0173 \u012fstaig\u0173 veiklos ir valdymo efektyvum\u0105 optimizuojant administravim\u0105, racionaliai naudoti turimus materialinius, finansinius i\u0161teklius pavestoms funkcijoms vykdyti, \u2013 praeit\u0105 savait\u0119 sak\u0117 \u0160vietimo, kult\u016bros ir sporto skyriaus ved\u0117ja Justina Zaleckien\u0117.<\/p>\n\n\n\n<p class=\"has-text-align-right\">\u201eKelmi\u0161kiams.lt\u201c inf.<\/p>\n","protected":false},"excerpt":{"rendered":"<p>Ketvirtadien\u012f paskutiniame \u0161ios kadencijos Rajono tarybos pos\u0117dyje politikai nepritar\u0117 Elvyravos pagrindin\u0117s mokyklos reorganizacijai. Mokykla ir toliau i\u0161lieka savaranki\u0161ku juridiniu vienetu.<\/p>\n","protected":false},"author":2,"featured_media":1425,"comment_status":"open","ping_status":"open","sticky":false,"template":"","format":"standard","meta":{"om_disable_all_campaigns":false,"_mi_skip_tracking":false},"categories":[4],"tags":[],"aioseo_notices":[],"_links":{"self":[{"href":"https:\/\/kelmiskiams.lt\/index.php?rest_route=\/wp\/v2\/posts\/1504"}],"collection":[{"href":"https:\/\/kelmiskiams.lt\/index.php?rest_route=\/wp\/v2\/posts"}],"about":[{"href":"https:\/\/kelmiskiams.lt\/index.php?rest_route=\/wp\/v2\/types\/post"}],"author":[{"embeddable":true,"href":"https:\/\/kelmiskiams.lt\/index.php?rest_route=\/wp\/v2\/users\/2"}],"replies":[{"embeddable":true,"href":"https:\/\/kelmiskiams.lt\/index.php?rest_route=%2Fwp%2Fv2%2Fcomments&post=1504"}],"version-history":[{"count":2,"href":"https:\/\/kelmiskiams.lt\/index.php?rest_route=\/wp\/v2\/posts\/1504\/revisions"}],"predecessor-version":[{"id":1506,"href":"https:\/\/kelmiskiams.lt\/index.php?rest_route=\/wp\/v2\/posts\/1504\/revisions\/1506"}],"wp:featuredmedia":[{"embeddable":true,"href":"https:\/\/kelmiskiams.lt\/index.php?rest_route=\/wp\/v2\/media\/1425"}],"wp:attachment":[{"href":"https:\/\/kelmiskiams.lt\/index.php?rest_route=%2Fwp%2Fv2%2Fmedia&parent=1504"}],"wp:term":[{"taxonomy":"category","embeddable":true,"href":"https:\/\/kelmiskiams.lt\/index.php?rest_route=%2Fwp%2Fv2%2Fcategories&post=1504"},{"taxonomy":"post_tag","embeddable":true,"href":"https:\/\/kelmiskiams.lt\/index.php?rest_route=%2Fwp%2Fv2%2Ftags&post=1504"}],"curies":[{"name":"wp","href":"https:\/\/api.w.org\/{rel}","templated":true}]}}