{"id":1402,"date":"2023-03-13T01:01:00","date_gmt":"2023-03-13T01:01:00","guid":{"rendered":"https:\/\/kelmiskiams.lt\/?p=1402"},"modified":"2023-03-12T17:03:05","modified_gmt":"2023-03-12T17:03:05","slug":"mieli-kelmes-krasto-zmones","status":"publish","type":"post","link":"https:\/\/kelmiskiams.lt\/?p=1402","title":{"rendered":"Mieli Kelm\u0117s kra\u0161to \u017emon\u0117s!"},"content":{"rendered":"\n<p>Nuo\u0161ird\u017eiai d\u0117koju visiems \u2013 mano pa\u017e\u012fstamiems ir nepa\u017e\u012fstamiems Kelm\u0117s kra\u0161to \u017emon\u0117ms \u2013 u\u017e atiduotus balsus ir suteikt\u0105 galimyb\u0119 dalyvauti II Kelm\u0117s rajono savivaldyb\u0117s mero rinkim\u0173 ture, partijos bi\u010diuliams, rinkim\u0173 \u0161tabo nariams \u2013 u\u017e kruop\u0161t\u0173 bendr\u0105 darb\u0105 rinkim\u0173 kampanijoje, kolegoms, draugams, artimiesiems \u2013 u\u017e supratim\u0105 ir palaikym\u0105.<\/p>\n\n\n\n<p>Turiu didel\u0119 vadybininko-administratoriaus darbo patirt\u012f. Sulauk\u0119s J\u016bs\u0173 palaikymo II ture, atsakingai paisydamas J\u016bs\u0173 pastab\u0173, pasi\u016blym\u0173, pra\u0161ym\u0173, nuo\u0161ird\u017eiai pasi\u017eadu \u012fgyvendinti rinkim\u0173 program\u0105.<\/p>\n\n\n<div class=\"wp-block-image is-style-default\">\n<figure class=\"alignleft size-large is-resized\"><img decoding=\"async\" loading=\"lazy\" src=\"https:\/\/kelmiskiams.lt\/wp-content\/uploads\/2023\/03\/Skrajute-1-dalis1-722x1024.jpg\" alt=\"\" class=\"wp-image-1404\" width=\"494\" height=\"701\" srcset=\"https:\/\/kelmiskiams.lt\/wp-content\/uploads\/2023\/03\/Skrajute-1-dalis1-722x1024.jpg 722w, https:\/\/kelmiskiams.lt\/wp-content\/uploads\/2023\/03\/Skrajute-1-dalis1-211x300.jpg 211w, https:\/\/kelmiskiams.lt\/wp-content\/uploads\/2023\/03\/Skrajute-1-dalis1-768x1090.jpg 768w, https:\/\/kelmiskiams.lt\/wp-content\/uploads\/2023\/03\/Skrajute-1-dalis1-1083x1536.jpg 1083w, https:\/\/kelmiskiams.lt\/wp-content\/uploads\/2023\/03\/Skrajute-1-dalis1-1444x2048.jpg 1444w, https:\/\/kelmiskiams.lt\/wp-content\/uploads\/2023\/03\/Skrajute-1-dalis1-scaled.jpg 1805w\" sizes=\"(max-width: 494px) 100vw, 494px\" \/><\/figure><\/div>\n\n\n<p><strong>\u0160ie rinkimai &#8211; dar vienas svarbus karjeros \u017eingsnis yra ne atsitiktinumas ar gyvenimo pasi\u016blytas \u0161ansas, o\u00a0 did\u017eiul\u0117 atsakomyb\u0117. Mano pasirinkim\u0105 lemia realios galimyb\u0117s, nes gerai pa\u017e\u012fstu Kelm\u0117s rajon\u0105, \u017einau gyvenimo jame privalumus ir problemas. Ilgamet\u0117 darbo patirtis, visuomenin\u0117 veikla, vertybin\u0117s nuostatos yra realios galimyb\u0117s \u00a0imtis mero pareig\u0173, nes:<\/strong><\/p>\n\n\n\n<ul>\n<li>gerai \u017einau \u017eem\u0117s \u016bkio darbus \u2013 augau kaime, nuo vaikyst\u0117s talkinau vienai auginusiai vaikus mamai;<\/li>\n\n\n\n<li>verslo subtilybi\u0173 mokausi kartu su s\u016bnumi \u2013 jaunuoju verslininku;<\/li>\n\n\n\n<li>arti \u0161irdies \u2013 \u0161vietimas, kult\u016bra ir sportas, nes 35 metus dirbau mokyklos direktoriumi, mokytoju;<\/li>\n\n\n\n<li>vadybos \u012fg\u016bd\u017ei\u0173 \u012fgijau ir vadovaudamas \u0160vietimo, kult\u016bros ir sporto skyriui;<\/li>\n\n\n\n<li>socialinio darbo, sveikatos apsaugos, investicij\u0173 klausimus sprend\u017eiau ketverius metus s\u0117kmingai dirbdamas Kelm\u0117s rajono savivaldyb\u0117s administracijos direktoriumi.<\/li>\n<\/ul>\n\n\n\n<blockquote class=\"wp-block-quote is-style-plain\">\n<p><strong>Nesu kurios nors srities naujokas \u2013 man nereikia prad\u0117ti nuo nulio, i\u0161 esm\u0117s, tik t\u0119sti prad\u0117tus darbus ir kurti naujus. Su Jumis ir Jums, mieli Kelm\u0117s kra\u0161to gyventojai!<\/strong><\/p>\n<\/blockquote>\n\n\n\n<p><strong>Politin\u0117 reklama bus apmok\u0117ta i\u0161 Lietuvos socialdemokrat\u0173 partijos politin\u0117s kampanijos s\u0105skaitos. <em>U\u017esakymo nr. SR23<\/em>\/<em>03<\/em><\/strong>\u2013<strong><em>2<\/em><\/strong><\/p>\n","protected":false},"excerpt":{"rendered":"<p>Nuo\u0161ird\u017eiai d\u0117koju visiems \u2013 mano pa\u017e\u012fstamiems ir nepa\u017e\u012fstamiems Kelm\u0117s kra\u0161to \u017emon\u0117ms \u2013 u\u017e atiduotus balsus ir suteikt\u0105 galimyb\u0119 dalyvauti II<\/p>\n","protected":false},"author":2,"featured_media":1403,"comment_status":"open","ping_status":"open","sticky":false,"template":"","format":"standard","meta":{"om_disable_all_campaigns":false,"_mi_skip_tracking":false},"categories":[4],"tags":[],"aioseo_notices":[],"_links":{"self":[{"href":"https:\/\/kelmiskiams.lt\/index.php?rest_route=\/wp\/v2\/posts\/1402"}],"collection":[{"href":"https:\/\/kelmiskiams.lt\/index.php?rest_route=\/wp\/v2\/posts"}],"about":[{"href":"https:\/\/kelmiskiams.lt\/index.php?rest_route=\/wp\/v2\/types\/post"}],"author":[{"embeddable":true,"href":"https:\/\/kelmiskiams.lt\/index.php?rest_route=\/wp\/v2\/users\/2"}],"replies":[{"embeddable":true,"href":"https:\/\/kelmiskiams.lt\/index.php?rest_route=%2Fwp%2Fv2%2Fcomments&post=1402"}],"version-history":[{"count":4,"href":"https:\/\/kelmiskiams.lt\/index.php?rest_route=\/wp\/v2\/posts\/1402\/revisions"}],"predecessor-version":[{"id":1408,"href":"https:\/\/kelmiskiams.lt\/index.php?rest_route=\/wp\/v2\/posts\/1402\/revisions\/1408"}],"wp:featuredmedia":[{"embeddable":true,"href":"https:\/\/kelmiskiams.lt\/index.php?rest_route=\/wp\/v2\/media\/1403"}],"wp:attachment":[{"href":"https:\/\/kelmiskiams.lt\/index.php?rest_route=%2Fwp%2Fv2%2Fmedia&parent=1402"}],"wp:term":[{"taxonomy":"category","embeddable":true,"href":"https:\/\/kelmiskiams.lt\/index.php?rest_route=%2Fwp%2Fv2%2Fcategories&post=1402"},{"taxonomy":"post_tag","embeddable":true,"href":"https:\/\/kelmiskiams.lt\/index.php?rest_route=%2Fwp%2Fv2%2Ftags&post=1402"}],"curies":[{"name":"wp","href":"https:\/\/api.w.org\/{rel}","templated":true}]}}