{"id":1344,"date":"2023-03-07T06:23:56","date_gmt":"2023-03-07T06:23:56","guid":{"rendered":"https:\/\/kelmiskiams.lt\/?p=1344"},"modified":"2023-03-07T06:29:43","modified_gmt":"2023-03-07T06:29:43","slug":"isrinkti-politikai-koalicijos-formuoti-neskuba-laukia-mero-rinkimu-ii-turo","status":"publish","type":"post","link":"https:\/\/kelmiskiams.lt\/?p=1344","title":{"rendered":"I\u0161rinkti politikai koalicijos formuoti neskuba, laukia mero rinkim\u0173 II turo"},"content":{"rendered":"\n<p>Sekmadien\u012f vykusiuose rinkimuose daugiausiai mandat\u0173 Taryboje i\u0161kovojo partijos \u201eLaisv\u0117 ir teisingumas\u201c atstovai. Naujos kadencijos taryboje gyventojams atstovaus 10 \u0161ios partijos atstov\u0173: Ildefonsas Petkevi\u010dius, K\u0119stutis Bilius, Vytautas Barkauskas, Albertas Brazas, Egidijus \u017delvys, Vidimantas Parnarauskas, Tadas Kasparas, Diana Razminien\u0117, Nemira Sutkien\u0117, Danut\u0117 Laivien\u0117. Jei kovo 19 dien\u0105 vyksian\u010diame II mer\u0173 rinkim\u0173 ture rinkimus laim\u0117s I. Petkevi\u010dius, naujos kadencijos taryboje bus ir porinkiminiame s\u0105ra\u0161e 11 numeriu esantis Zigmas Filipavi\u010dius.<\/p>\n\n\n\n<p>Pasak partijos s\u0105ra\u0161o vedlio ir dabartinio mero I. Petkevi\u010diaus, tik po antrojo rinkim\u0173 turo, laim\u0117jusi mero linkimus, partija formuos valdan\u010di\u0105j\u0105 daugum\u0105 .<\/p>\n\n\n\n<p>\u2013 Rinkim\u0173 rezultatus vertinu labai gerai, o valdan\u010di\u0105j\u0105 daugum\u0105 formuos mero rinkimus kovo 19-\u0105j\u0105 laim\u0117jusi partija, \u2013 \u201eKelmi\u0161kiams.lt\u201c pirmadien\u012f sak\u0117 I. Petkevi\u010dius.<\/p>\n\n\n\n<p>Rajono socialdemokratai \u0161iuose rinkimuose i\u0161kovojo ma\u017eiau mandat\u0173, ta\u010diau d\u0117l gaut\u0173 6 viet\u0173 Taryboje nenusivilia.<\/p>\n\n\n\n<p>\u2013 Rinkim\u0173 rezultatus vertiname pakankamai gerai. L\u016bkes\u010diai buvo didesni, ta\u010diau gyvenime daug kas vyksta nepriklausomai nuo m\u016bs\u0173, \u2013 sak\u0117 socialdemokrat\u0173 pirmininkas ir rinkim\u0173 s\u0105ra\u0161o lyderis Stasys Jokubauskas.<\/p>\n\n\n\n<p>Sekmadien\u012f rink\u0117jai Tarybos nario mandatus patik\u0117jo: Stasiui Jokubauskui, Emilijai Kvietkuvienei, Algirdui Steponkevi\u010diui, Vitalijai Luko\u0161evi\u010dienei, Irenai Janu\u0161ienei, Dainiui Ivo\u0161kiui. Jei mero rinkimus laim\u0117t\u0173 S. Jokubauskas, Tarybos nare tapt\u0173 ir Neringa Bagdonavi\u010dien\u0117.<\/p>\n\n\n\n<p>Naujoje Taryboje suma\u017e\u0117jo ir \u201evalstie\u010di\u0173\u201c gretos. Rink\u0117jai parei\u0161k\u0117 savo vali\u0105 ir jiems atstovaus tik du \u0161ios partijos atstovai \u2013 i\u0161 penktos \u012f pirm\u0105 reitingo viet\u0105 pakil\u0119s Eimantas Gajauskas bei \u201evalstie\u010di\u0173\u201c senbuv\u0117 Janina Skeberdien\u0117. Kandidat\u0117 \u012f merus Rita Kavaliauskait\u0117 liko tre\u010dia, o kadencij\u0105 baigian\u010dioje taryboje dirbantis Gintaras Ba\u0161kys \u2013 ketvirtas.<\/p>\n\n\n\n<p>Politikos naujokai rajone \u2013 Lietuvos \u017eali\u0173j\u0173 partija \u2013 laim\u0117jo du mandatus Taryboje. Rink\u0117jams atstovaus partijos skyriaus pirminink\u0117 Lina Samulyt\u0117 ir antruoju numeriu rinkiminiame s\u0105ra\u0161e buvusi Daiva Antanavi\u010dien\u0117.<\/p>\n\n\n\n<p>\u2013 Rinkim\u0173 rezultatus vertiname gerai, nes tarybos rinkimuose L\u017dP dalyvauja pirm\u0105 kart\u0105. Gavome du mandatus kaip ir senbuv\u0117s partijos, \u2013 \u201eKelmi\u0161kiams.lt\u201c sak\u0117 L. Samulyt\u0117.<\/p>\n\n\n\n<p>Po du mandatus taryboje tur\u0117s iki \u0161iol tris tur\u0117j\u0119 liberalai ir konservatoriai. Rink\u0117jams atstovaus Lina Mila\u0161auskien\u0117 ir Evaldas Kmitas i\u0161 Liberal\u0173 s\u0105j\u016bd\u017eio. \u0160ios partijos senbuv\u0117 Dalia Bal\u010di\u016bnien\u0117 liko tre\u010dia. <\/p>\n\n\n\n<p>Rajono konservatoriai vietoje dabar turim\u0173 trij\u0173 mandat\u0173 tenkinsis dviem. \u012e Taryb\u0105 pateko iki \u0161iol joje buv\u0119s Saulius Mockus ir naujokas Tautvilas Putvis. Skandal\u0173 rinkim\u0173 kampanijos metu nevengusi konservatori\u0173 pirminink\u0117 ir s\u0105ra\u0161o vedl\u0117 Asta Zavadskien\u0117 s\u0105ra\u0161e liko ketvirta, o mer\u0173 rinkimuose \u2013 paskutin\u0117. Did\u017eiausi\u0105 staigmen\u0105 Tarybos rinkimuose parod\u0117 buv\u0119s partijos skyriaus pirmininkas Egidijus \u016aksas. Jis i\u0161 15 s\u0105ra\u0161o vietos pakilo \u012f 5.<\/p>\n\n\n\n<p>Vien\u0105 mandat\u0105 Taryboje rink\u0117jai Demokrat\u0173 s\u0105jungos \u201eVardan Lietuvos\u201c s\u0105ra\u0161ui. Naujos kadencijos Taryboje rink\u0117jams atstovaus skyriaus pirminink\u0117 Jolita Koryznien\u0117.<\/p>\n\n\n\n<p>\u2013 Kelm\u0117s rajono \u017emon\u0117s nenori poky\u010di\u0173. Neabejoju, kad dirbsiu opozicijoje, kuri yra labai svarbi, \u2013 sak\u0117 J. Koryznien\u0117.<\/p>\n\n\n\n<p>Mer\u0173 rinkim\u0173 antrasis turas vyks kovo 19 dien\u0105. <\/p>\n\n\n\n<p class=\"has-text-align-right\">Nerijus \u0160arauskas, \u201eKelmi\u0161kiams.lt\u201c<\/p>\n","protected":false},"excerpt":{"rendered":"<p>Sekmadien\u012f vykusiuose rinkimuose daugiausiai mandat\u0173 Taryboje i\u0161kovojo partijos \u201eLaisv\u0117 ir teisingumas\u201c atstovai. Naujos kadencijos taryboje gyventojams atstovaus 10 \u0161ios partijos<\/p>\n","protected":false},"author":2,"featured_media":1345,"comment_status":"open","ping_status":"open","sticky":false,"template":"","format":"standard","meta":{"om_disable_all_campaigns":false,"_mi_skip_tracking":false},"categories":[4,19],"tags":[],"aioseo_notices":[],"_links":{"self":[{"href":"https:\/\/kelmiskiams.lt\/index.php?rest_route=\/wp\/v2\/posts\/1344"}],"collection":[{"href":"https:\/\/kelmiskiams.lt\/index.php?rest_route=\/wp\/v2\/posts"}],"about":[{"href":"https:\/\/kelmiskiams.lt\/index.php?rest_route=\/wp\/v2\/types\/post"}],"author":[{"embeddable":true,"href":"https:\/\/kelmiskiams.lt\/index.php?rest_route=\/wp\/v2\/users\/2"}],"replies":[{"embeddable":true,"href":"https:\/\/kelmiskiams.lt\/index.php?rest_route=%2Fwp%2Fv2%2Fcomments&post=1344"}],"version-history":[{"count":6,"href":"https:\/\/kelmiskiams.lt\/index.php?rest_route=\/wp\/v2\/posts\/1344\/revisions"}],"predecessor-version":[{"id":1352,"href":"https:\/\/kelmiskiams.lt\/index.php?rest_route=\/wp\/v2\/posts\/1344\/revisions\/1352"}],"wp:featuredmedia":[{"embeddable":true,"href":"https:\/\/kelmiskiams.lt\/index.php?rest_route=\/wp\/v2\/media\/1345"}],"wp:attachment":[{"href":"https:\/\/kelmiskiams.lt\/index.php?rest_route=%2Fwp%2Fv2%2Fmedia&parent=1344"}],"wp:term":[{"taxonomy":"category","embeddable":true,"href":"https:\/\/kelmiskiams.lt\/index.php?rest_route=%2Fwp%2Fv2%2Fcategories&post=1344"},{"taxonomy":"post_tag","embeddable":true,"href":"https:\/\/kelmiskiams.lt\/index.php?rest_route=%2Fwp%2Fv2%2Ftags&post=1344"}],"curies":[{"name":"wp","href":"https:\/\/api.w.org\/{rel}","templated":true}]}}