{"id":1338,"date":"2023-03-06T05:18:32","date_gmt":"2023-03-06T05:18:32","guid":{"rendered":"https:\/\/kelmiskiams.lt\/?p=1338"},"modified":"2023-03-06T05:18:32","modified_gmt":"2023-03-06T05:18:32","slug":"meru-ildefonsas-petkevicius-pirmame-ture-neisrinktas","status":"publish","type":"post","link":"https:\/\/kelmiskiams.lt\/?p=1338","title":{"rendered":"Meru Ildefonsas Petkevi\u010dius pirmame ture nei\u0161rinktas"},"content":{"rendered":"\n<p>Sekmadien\u012f vykusiuose savivaldybi\u0173 taryb\u0173 ir mer\u0173 rinkimuose Kelm\u0117s rajono meru pirmajame ture nei\u0161rinktas dabartinis savivaldyb\u0117s meras Ildefonsas Petkevi\u010dius. U\u017e I. Petkevi\u010di\u0173, kur\u012f kandidatu i\u0161k\u0117l\u0117 partija \u201eLaisv\u0117 ir teisingumas\u201c, balsavo 5039 rink\u0117jai. Antrajame rinkim\u0173 ture I. Petkevi\u010dius var\u017eysis su socialdemokratu Stasiu Jokubausku. <br>\u0160ie rinkimai buvo s\u0117kmingi partijai \u201eLaisv\u0117 ir teisingumas\u201c. Preliminariais duomenimis \u0161i partija Taryboje tur\u0117s 10 mandat\u0173. Antrieji liko socialdemokratai \u2013 6 vietos taryboje. Po dvi vietas Taryboje tur\u0117s \u201evalstie\u010diai\u201c, liberalai, \u201e\u017ealieji\u201c ir konservatoriai. Vien\u0105 mandat\u0105 rink\u0117jai patik\u0117jo \u201evardanlietuviams\u201c.<\/p>\n\n\n\n<p class=\"has-text-align-right\">\u201eKelmi\u0161kiams.lt\u201c inf.<\/p>\n\n\n\n<p><\/p>\n\n\n\n<p><\/p>\n","protected":false},"excerpt":{"rendered":"<p>Sekmadien\u012f vykusiuose savivaldybi\u0173 taryb\u0173 ir mer\u0173 rinkimuose Kelm\u0117s rajono meru pirmajame ture nei\u0161rinktas dabartinis savivaldyb\u0117s meras Ildefonsas Petkevi\u010dius. U\u017e I.<\/p>\n","protected":false},"author":2,"featured_media":1342,"comment_status":"open","ping_status":"open","sticky":false,"template":"","format":"standard","meta":{"om_disable_all_campaigns":false,"_mi_skip_tracking":false},"categories":[4],"tags":[],"aioseo_notices":[],"_links":{"self":[{"href":"https:\/\/kelmiskiams.lt\/index.php?rest_route=\/wp\/v2\/posts\/1338"}],"collection":[{"href":"https:\/\/kelmiskiams.lt\/index.php?rest_route=\/wp\/v2\/posts"}],"about":[{"href":"https:\/\/kelmiskiams.lt\/index.php?rest_route=\/wp\/v2\/types\/post"}],"author":[{"embeddable":true,"href":"https:\/\/kelmiskiams.lt\/index.php?rest_route=\/wp\/v2\/users\/2"}],"replies":[{"embeddable":true,"href":"https:\/\/kelmiskiams.lt\/index.php?rest_route=%2Fwp%2Fv2%2Fcomments&post=1338"}],"version-history":[{"count":4,"href":"https:\/\/kelmiskiams.lt\/index.php?rest_route=\/wp\/v2\/posts\/1338\/revisions"}],"predecessor-version":[{"id":1343,"href":"https:\/\/kelmiskiams.lt\/index.php?rest_route=\/wp\/v2\/posts\/1338\/revisions\/1343"}],"wp:featuredmedia":[{"embeddable":true,"href":"https:\/\/kelmiskiams.lt\/index.php?rest_route=\/wp\/v2\/media\/1342"}],"wp:attachment":[{"href":"https:\/\/kelmiskiams.lt\/index.php?rest_route=%2Fwp%2Fv2%2Fmedia&parent=1338"}],"wp:term":[{"taxonomy":"category","embeddable":true,"href":"https:\/\/kelmiskiams.lt\/index.php?rest_route=%2Fwp%2Fv2%2Fcategories&post=1338"},{"taxonomy":"post_tag","embeddable":true,"href":"https:\/\/kelmiskiams.lt\/index.php?rest_route=%2Fwp%2Fv2%2Ftags&post=1338"}],"curies":[{"name":"wp","href":"https:\/\/api.w.org\/{rel}","templated":true}]}}