{"id":1221,"date":"2023-02-27T11:04:00","date_gmt":"2023-02-27T11:04:00","guid":{"rendered":"https:\/\/kelmiskiams.lt\/?p=1221"},"modified":"2023-02-27T09:07:48","modified_gmt":"2023-02-27T09:07:48","slug":"ar-tikrai-kelmeje-niekas-nesikeicia","status":"publish","type":"post","link":"https:\/\/kelmiskiams.lt\/?p=1221","title":{"rendered":"Ar tikrai Kelm\u0117je niekas nesikei\u010dia?"},"content":{"rendered":"\n<p>Da\u017enai tenka gird\u0117ti, kad Kelm\u0117je niekas nevyksta, nesikei\u010dia, nieko nedaroma, kad rajonas tapt\u0173 patrauklus, kad jame pasilikt\u0173 jaunimas. Galime pasid\u017eiaugti, kad per ketverius metus, socialdemokratams dirbant valdan\u010dioje daugumoje, nuveikta nema\u017eai.<\/p>\n\n\n\n<p>\u012egyvendintos smulkaus ir vidutinio verslo bei \u016bkio r\u0117mimo programos, leidusios kurtis ir pl\u0117totis verslams, did\u0117ti ir modern\u0117ti \u016bkiams. Intensyviai tvarkyti ir tvarkomi seni\u016bnij\u0173 keliai, kai kuri\u0173 j\u0173 b\u016bkl\u0117 dabar geresn\u0117 ir u\u017e regioninius kelius. Kakoni\u0161k\u0117s kaime i\u0161asfaltuotos gatv\u0117s, \u012fvestas centralizuotas vandens tiekimas. Vandens tiekimo tvarkymo darbai baigiami ir Pagojo kaime, rengiami projektai nuotek\u0173 sutvarkymui, &nbsp;keli\u0173 ap\u0161vietimui, infrastrukt\u016bros gerinimui. Kelm\u0117je \u012frengti vandens gerinimo \u012frenginiai, pa\u0161alinantys floridus, d\u0117l kuri\u0173 anks\u010diau geriamas vanduo neatitiko higienos norm\u0173. Gaus\u0117jant vandens vartotoj\u0173 UAB \u201eKelm\u0117s vanduo\u201d teritorijoje, i\u0161gr\u0119\u017etas papildomas 240 m gylio gr\u0119\u017einys. Jis leis u\u017etikrinti nenutr\u016bkstam\u0105 vandens tiekim\u0105 Kelm\u0117s gyventojams ir \u012fmon\u0117ms. Nauji gr\u0119\u017einiai \u012frengti ir Pa\u0161il\u0117je, Gailiuose, Tytuv\u0117nuose. Kasmet rajone pastatyta po 2 vandens gerinimo \u012frenginius. Gra\u017e\u0117ja ir m\u016bs\u0173 kra\u0161to laisvalaikio teritorijos. Ap\u0161viestas Draugyst\u0117s parkas. Baigiami Dvaro bei T\u016bkstantme\u010dio park\u0173 tvarkymo darbai. D\u017eiugu d\u0117l pasiteisinusi\u0173 sprendim\u0173 verslininkams ir \u016bkininkams, remiantiems sport\u0105 ar kult\u016br\u0105, taikyti mokestines lengvatas. Prad\u0117tos Kelm\u0117s rajono bendr\u0173j\u0173 plan\u0173 keitimo proced\u016bros, o planus patvirtinus bus sudarytos palankesn\u0117s galimyb\u0117s rajone kurtis verslininkams ir investuotojams, planas leis stipriau konkuruoti su kaimyniniais rajonais siekiant pl\u0117tros ir nauj\u0173 darbo viet\u0173 k\u016brimo Kelm\u0117s kra\u0161te.<\/p>\n\n\n\n<blockquote class=\"wp-block-quote\">\n<p>Kovo 5-\u0105j\u0105 ateikite balsuoti ir pasirinkite Lietuvos socialdemokrat\u0173 partijos s\u0105ra\u0161\u0105 Nr. 5!<\/p>\n<\/blockquote>\n\n\n<div class=\"wp-block-image\">\n<figure class=\"aligncenter size-large\"><img decoding=\"async\" loading=\"lazy\" width=\"1024\" height=\"725\" src=\"http:\/\/kelmiskiams.lt\/wp-content\/uploads\/2023\/02\/LSDP-kandidatai-1024x725.jpg\" alt=\"\" class=\"wp-image-1222\" srcset=\"https:\/\/kelmiskiams.lt\/wp-content\/uploads\/2023\/02\/LSDP-kandidatai-1024x725.jpg 1024w, https:\/\/kelmiskiams.lt\/wp-content\/uploads\/2023\/02\/LSDP-kandidatai-300x212.jpg 300w, https:\/\/kelmiskiams.lt\/wp-content\/uploads\/2023\/02\/LSDP-kandidatai-768x543.jpg 768w, https:\/\/kelmiskiams.lt\/wp-content\/uploads\/2023\/02\/LSDP-kandidatai-1536x1087.jpg 1536w, https:\/\/kelmiskiams.lt\/wp-content\/uploads\/2023\/02\/LSDP-kandidatai.jpg 2048w\" sizes=\"(max-width: 1024px) 100vw, 1024px\" \/><\/figure><\/div>\n\n\n<p><strong>Politin\u0117 reklama bus apmok\u0117ta i\u0161 Lietuvos socialdemokrat\u0173 partijos politin\u0117s kampanijos s\u0105skaitos. <em>U\u017esakymo nr. SR23<\/em>\/<em>02-2<\/em><\/strong><\/p>\n","protected":false},"excerpt":{"rendered":"<p>Da\u017enai tenka gird\u0117ti, kad Kelm\u0117je niekas nevyksta, nesikei\u010dia, nieko nedaroma, kad rajonas tapt\u0173 patrauklus, kad jame pasilikt\u0173 jaunimas. Galime pasid\u017eiaugti,<\/p>\n","protected":false},"author":2,"featured_media":1223,"comment_status":"open","ping_status":"open","sticky":false,"template":"","format":"standard","meta":{"om_disable_all_campaigns":false,"_mi_skip_tracking":false},"categories":[4],"tags":[],"aioseo_notices":[],"_links":{"self":[{"href":"https:\/\/kelmiskiams.lt\/index.php?rest_route=\/wp\/v2\/posts\/1221"}],"collection":[{"href":"https:\/\/kelmiskiams.lt\/index.php?rest_route=\/wp\/v2\/posts"}],"about":[{"href":"https:\/\/kelmiskiams.lt\/index.php?rest_route=\/wp\/v2\/types\/post"}],"author":[{"embeddable":true,"href":"https:\/\/kelmiskiams.lt\/index.php?rest_route=\/wp\/v2\/users\/2"}],"replies":[{"embeddable":true,"href":"https:\/\/kelmiskiams.lt\/index.php?rest_route=%2Fwp%2Fv2%2Fcomments&post=1221"}],"version-history":[{"count":3,"href":"https:\/\/kelmiskiams.lt\/index.php?rest_route=\/wp\/v2\/posts\/1221\/revisions"}],"predecessor-version":[{"id":1226,"href":"https:\/\/kelmiskiams.lt\/index.php?rest_route=\/wp\/v2\/posts\/1221\/revisions\/1226"}],"wp:featuredmedia":[{"embeddable":true,"href":"https:\/\/kelmiskiams.lt\/index.php?rest_route=\/wp\/v2\/media\/1223"}],"wp:attachment":[{"href":"https:\/\/kelmiskiams.lt\/index.php?rest_route=%2Fwp%2Fv2%2Fmedia&parent=1221"}],"wp:term":[{"taxonomy":"category","embeddable":true,"href":"https:\/\/kelmiskiams.lt\/index.php?rest_route=%2Fwp%2Fv2%2Fcategories&post=1221"},{"taxonomy":"post_tag","embeddable":true,"href":"https:\/\/kelmiskiams.lt\/index.php?rest_route=%2Fwp%2Fv2%2Ftags&post=1221"}],"curies":[{"name":"wp","href":"https:\/\/api.w.org\/{rel}","templated":true}]}}