{"id":1207,"date":"2023-02-27T18:17:00","date_gmt":"2023-02-27T18:17:00","guid":{"rendered":"https:\/\/kelmiskiams.lt\/?p=1207"},"modified":"2023-02-27T13:05:15","modified_gmt":"2023-02-27T13:05:15","slug":"vasario-menesio-laida-labas-is-kelmes","status":"publish","type":"post","link":"https:\/\/kelmiskiams.lt\/?p=1207","title":{"rendered":"Vasario m\u0117nesio laida \u201eLabas i\u0161 Kelm\u0117s\u201c"},"content":{"rendered":"\n<p>Vasario m\u0117nesio TV laidoje  \u201eLabas i\u0161 Kelm\u0117s\u201c jos autor\u0117 Rita \u0160\u010diglinskien\u0117 pateikia informacij\u0105 apie Lietuvos valstyb\u0117s atk\u016brimo dienos min\u0117jim\u0105 Kelm\u0117je, kurio metu ant UAB \u201eKelm\u0117s vanduo\u201c&nbsp; vandens bok\u0161to i\u0161kelta &nbsp;135 kvadratini\u0173 metr\u0173 dyd\u017eio trispalv\u0117, atidaryta &nbsp;Vytauto Did\u017eiojo karo muziejaus kilnojamoji paroda ,,O skambink per am\u017eius vaikams Lietuvos&#8230;\u201c&nbsp; ir renginio metu pagerbti ra\u0161tingiausio mokinio konkurso nugal\u0117tojai. TV laida \u201eLabas i\u0161 Kelm\u0117s\u201c, t\u0119sdama rubrik\u0105 \u201eBendravimas ir bendradarbiavimas\u201c, kartu su Kelm\u0117s rajono verslinink\u0173 asociacija \u0161iais metais kvies susipa\u017einti su Kelm\u0117s kra\u0161te &nbsp;gyvenan\u010diais ir versl\u0105 kurian\u010diais jaunais \u017emon\u0117mis. Laidoje pamatysite maitinimo verslo \u012fk\u016br\u0117jus Simon\u0105 ir Edgar\u0105 Jasulai\u010dius ir akordeon\u0173 remonto dirbtuves \u012fk\u016brusios \u012fmon\u0117s savinink\u0105 Aurim\u0105 Gor\u012f.  Laidoje i\u0161vysite siu\u017eet\u0105 apie debatus su kandidatais \u012f rajono merus. Taip pat bus reporta\u017eas apie&nbsp;&nbsp;per vis\u0105 Lietuv\u0105 nuskamb\u0117jusias u\u017eventi\u0161ki\u0173 kulinarines U\u017egav\u0117nes, kuri\u0173 metu kep\u0117 rekordin\u012f \u017eemai\u010di\u0173 blyn\u0105. Informuojame apie vasario viduryje, pagal Balt\u0173 32 met\u0173 cikl\u0105, prasidedan\u010dius&nbsp;Gelsvojo&nbsp;Katino metus.<\/p>\n\n\n\n<p class=\"has-text-align-right\">\u201eKelmi\u0161kiams.lt\u201c inf.<\/p>\n\n\n\n<figure class=\"wp-block-embed is-type-video is-provider-youtube wp-block-embed-youtube wp-embed-aspect-16-9 wp-has-aspect-ratio\"><div class=\"wp-block-embed__wrapper\">\n<iframe loading=\"lazy\" title=\"\u201eLabas i\u0161 Kelm\u0117s\u201c 2023 vasaris\" width=\"800\" height=\"450\" src=\"https:\/\/www.youtube.com\/embed\/zohVnDUzsf0?feature=oembed\" frameborder=\"0\" allow=\"accelerometer; autoplay; clipboard-write; encrypted-media; gyroscope; picture-in-picture; web-share\" allowfullscreen><\/iframe>\n<\/div><\/figure>\n","protected":false},"excerpt":{"rendered":"<p>Vasario m\u0117nesio TV laidoje \u201eLabas i\u0161 Kelm\u0117s\u201c jos autor\u0117 Rita \u0160\u010diglinskien\u0117 pateikia informacij\u0105 apie Lietuvos valstyb\u0117s atk\u016brimo dienos min\u0117jim\u0105 Kelm\u0117je,<\/p>\n","protected":false},"author":2,"featured_media":1013,"comment_status":"open","ping_status":"open","sticky":false,"template":"","format":"standard","meta":{"om_disable_all_campaigns":false,"_mi_skip_tracking":false},"categories":[4],"tags":[],"aioseo_notices":[],"_links":{"self":[{"href":"https:\/\/kelmiskiams.lt\/index.php?rest_route=\/wp\/v2\/posts\/1207"}],"collection":[{"href":"https:\/\/kelmiskiams.lt\/index.php?rest_route=\/wp\/v2\/posts"}],"about":[{"href":"https:\/\/kelmiskiams.lt\/index.php?rest_route=\/wp\/v2\/types\/post"}],"author":[{"embeddable":true,"href":"https:\/\/kelmiskiams.lt\/index.php?rest_route=\/wp\/v2\/users\/2"}],"replies":[{"embeddable":true,"href":"https:\/\/kelmiskiams.lt\/index.php?rest_route=%2Fwp%2Fv2%2Fcomments&post=1207"}],"version-history":[{"count":2,"href":"https:\/\/kelmiskiams.lt\/index.php?rest_route=\/wp\/v2\/posts\/1207\/revisions"}],"predecessor-version":[{"id":1230,"href":"https:\/\/kelmiskiams.lt\/index.php?rest_route=\/wp\/v2\/posts\/1207\/revisions\/1230"}],"wp:featuredmedia":[{"embeddable":true,"href":"https:\/\/kelmiskiams.lt\/index.php?rest_route=\/wp\/v2\/media\/1013"}],"wp:attachment":[{"href":"https:\/\/kelmiskiams.lt\/index.php?rest_route=%2Fwp%2Fv2%2Fmedia&parent=1207"}],"wp:term":[{"taxonomy":"category","embeddable":true,"href":"https:\/\/kelmiskiams.lt\/index.php?rest_route=%2Fwp%2Fv2%2Fcategories&post=1207"},{"taxonomy":"post_tag","embeddable":true,"href":"https:\/\/kelmiskiams.lt\/index.php?rest_route=%2Fwp%2Fv2%2Ftags&post=1207"}],"curies":[{"name":"wp","href":"https:\/\/api.w.org\/{rel}","templated":true}]}}