{"id":1178,"date":"2023-02-22T04:19:00","date_gmt":"2023-02-22T04:19:00","guid":{"rendered":"https:\/\/kelmiskiams.lt\/?p=1178"},"modified":"2023-02-21T19:34:42","modified_gmt":"2023-02-21T19:34:42","slug":"politikai-kaukes-nusiims-po-rinkimu","status":"publish","type":"post","link":"https:\/\/kelmiskiams.lt\/?p=1178","title":{"rendered":"Politikai kaukes nusiims po rinkim\u0173"},"content":{"rendered":"\n<p>Vakar \u0161vent\u0117me U\u017egav\u0117nes \u2013 \u017eiemos i\u0161varymo \u0161vent\u0119. Da\u017enai sakoma, kad U\u017egav\u0117n\u0117s yra pirmoji pavasario \u0161vent\u0117 ir virsmo ta\u0161kas, kai gamta pastebimai i\u0161 \u017eiemos pereina \u012f pavasar\u012f. Taip jau sutapo, kad per \u0161i\u0173 met\u0173 U\u017egav\u0117nes fini\u0161o link skuba ir Savivaldos rinkim\u0173 kampanija, kurioje pustre\u010dio \u0161imto \u017emoni\u0173 nori tapti savivaldyb\u0117s meru arba tarybos nariais.<\/p>\n\n\n\n<p>Dar met\u0173 prad\u017eioje rinkiminis sujudimas atrod\u0117 ter\u016bpi tik patiems kandidatams, ta\u010diau art\u0117jant rinkim\u0173 dienai vis daugiau didesni\u0173 ar ma\u017eesni\u0173 politik\u0173 d\u0117mesio atkreipimo inscenizacij\u0173 persikelia \u012f socialinius tinklus ar bendruomenes. Kelm\u0117 \u2013 ne Vilnius ar kitas didmiestis, ta\u010diau skandal\u0173 netr\u016bksta ir m\u016bs\u0173 kra\u0161te, o tuos skandalus nori sukelti \u012fvairi\u0173 politini\u0173 j\u0117g\u0173 atstovai, ypa\u010d t\u0173, kuri\u0173 rajoniniai reitingai n\u0117ra patys auk\u0161\u010diausi. \u012evairios replikos, kand\u016bs komentarai ar \u012fra\u0161ai paprastai atkreipia \u017emoni\u0173 d\u0117mes\u012f, kuriuos para\u0161\u0119 ar tik perskait\u0119 politikai savaip interpretuoja ir neslepia piktd\u017eiugos ar susierzinimo vienas kito at\u017evilgiu. Tokiomis priemon\u0117mis itin d\u017eiaugiasi politikos <em>autsaideriai<\/em>, kurie da\u017eniausiai apsiriboja padrikomis fraz\u0117mis arba i\u0161kili\u0173 \u017emoni\u0173 citavimu ir taip d\u017eiaugiasi sulauk\u0119 d\u0117mesio kaip niekada. Belieka priminti, kad citatomis savivaldyb\u0117s nepavaldysi, o d\u0117mesio tikrai netr\u016bks ateityje ir jis da\u017eniausiai nebus malonus bei politin\u0119 \u0161ird\u012f glostantis, nes tada teks nusiimti rinkimin\u0117s iliuzijos kaukes.<\/p>\n\n\n\n<p>\u012e met\u0173 laik\u0173 virsm\u0105 primenan\u010dios rinkim\u0173 kampanijos pabaigoje rajono politikai arba jais tapti dar tik siekiantys gyventojai, visada nori i\u0161likti patys \u201e\u0161ven\u010diausi ir tyriausi\u201c. O kaip geriausiai tai pademonstruosi?! &#8211; Tik pasisl\u0117p\u0119s po kauke, menkindamas ir erzindamas savo oponent\u0105 ar sukritikavus\u012f rink\u0117j\u0105. Taip sugeb\u0117ti daug i\u0161minties ir patirties nereikia. Sutikime, politin\u0117s patirties tr\u016bksta daugumai i\u0161 pustre\u010dio \u0161imto kandidatuojan\u010di\u0173, o elementarios etikos ir empatijos \u2013 dar daugiau. Gal tod\u0117l ir kandidat\u0173 susitikimuose su gyventojais susirenka ne tokios didel\u0117s minios, koki\u0173 tikisi vald\u017eios siekiantieji. Nesurink\u0119 \u017emoni\u0173 palaikymo, kandidatai \u201ekooperuojasi\u201c \u2013 vieni \u201ebraunasi\u201c \u012f kit\u0173 susitikimus ir taip \u017eaid\u017eia demokratij\u0105. Demokratij\u0105 \u017eaid\u017eia ir kandidatai, akcentuodami komunikacijos sklaid\u0105, kuri baigiasi primityviausi\u0173 \u012fra\u0161\u0173 \u012fk\u0117limu \u012f socialinio tinklo paskyras, ta\u010diau \u012f rink\u0117j\u0173 u\u017eduotus konkre\u010dius klausimus atsakym\u0173 nepateikia arba pateikia remdamiesi 19 am\u017eiaus teorijomis, o dar kai kurie \u2013 socialiniuose tinkluose apriboja ir komentavimo galimyb\u0119. Taip savivaldyb\u0119 valdyti norintieji suvokia demokratij\u0105.<\/p>\n\n\n\n<p>Kandidatai \u201evar\u017eosi\u201c ir didesniu plakat\u0173 skai\u010diumi skelbim\u0173 lentose bei stenduose, ta\u010diau neretai j\u0173 pla\u010dias \u0161ypsenas u\u017edengia \u017emoni\u0173 asmeniniai skelbimai apie parduodamas malkas ar \u0161ien\u0105. Vadinasi, \u017emon\u0117ms pla\u010dios politik\u0173 \u0161ypsenos, kurios tarsi geriausios dovanos, nelabai r\u016bpi. Nelabai tiki ir kandidat\u0173 \u00a0pa\u017eadais apie investitori\u0173 nesibaigian\u010dias eiles prie merijos pastato dur\u0173, ne visi tiki ir politik\u0173 svajon\u0117mis, kad Kelm\u0117je bus rastas <em>perlas<\/em>.<\/p>\n\n\n\n<p>Neverta vardinti vis\u0173 politik\u0173 i\u0161si\u0161okim\u0173 ar \u201epasireklamavim\u0173\u201c, rink\u0117jai tai mato patys, o da\u017enas j\u0173 nusivilia jiems atstovauti ketinan\u010diais ir vald\u017eios trok\u0161tan\u010diais vietiniais. 2019 metais rinkimuose dalyvavo ma\u017eiau nei pus\u0117 rinkimo teis\u0119 turin\u010di\u0173 rajono gyventoj\u0173. B\u016bt\u0173 nesmagu, kad pana\u0161us skai\u010dius rajono gyventoj\u0173 vietos vald\u017ei\u0105 i\u0161rinkt\u0173 ir kovo 5 d.<\/p>\n\n\n\n<p><strong>Ar dalyvausite rinkimuose, atsakyti galite portalo Kelmi\u0161kiams.lt de\u0161in\u0117je pus\u0117je arba apa\u010dioje esan\u010dioje apklausoje.<\/strong><\/p>\n\n\n\n<p class=\"has-text-align-right\">Nerijus \u0160arauskas, \u201eKelmi\u0161kiams.lt\u201c, Pexels.com nuotr.<\/p>\n","protected":false},"excerpt":{"rendered":"<p>Vakar \u0161vent\u0117me U\u017egav\u0117nes \u2013 \u017eiemos i\u0161varymo \u0161vent\u0119. Da\u017enai sakoma, kad U\u017egav\u0117n\u0117s yra pirmoji pavasario \u0161vent\u0117 ir virsmo ta\u0161kas, kai gamta<\/p>\n","protected":false},"author":2,"featured_media":1179,"comment_status":"open","ping_status":"open","sticky":false,"template":"","format":"standard","meta":{"om_disable_all_campaigns":false,"_mi_skip_tracking":false},"categories":[19],"tags":[],"aioseo_notices":[],"_links":{"self":[{"href":"https:\/\/kelmiskiams.lt\/index.php?rest_route=\/wp\/v2\/posts\/1178"}],"collection":[{"href":"https:\/\/kelmiskiams.lt\/index.php?rest_route=\/wp\/v2\/posts"}],"about":[{"href":"https:\/\/kelmiskiams.lt\/index.php?rest_route=\/wp\/v2\/types\/post"}],"author":[{"embeddable":true,"href":"https:\/\/kelmiskiams.lt\/index.php?rest_route=\/wp\/v2\/users\/2"}],"replies":[{"embeddable":true,"href":"https:\/\/kelmiskiams.lt\/index.php?rest_route=%2Fwp%2Fv2%2Fcomments&post=1178"}],"version-history":[{"count":2,"href":"https:\/\/kelmiskiams.lt\/index.php?rest_route=\/wp\/v2\/posts\/1178\/revisions"}],"predecessor-version":[{"id":1182,"href":"https:\/\/kelmiskiams.lt\/index.php?rest_route=\/wp\/v2\/posts\/1178\/revisions\/1182"}],"wp:featuredmedia":[{"embeddable":true,"href":"https:\/\/kelmiskiams.lt\/index.php?rest_route=\/wp\/v2\/media\/1179"}],"wp:attachment":[{"href":"https:\/\/kelmiskiams.lt\/index.php?rest_route=%2Fwp%2Fv2%2Fmedia&parent=1178"}],"wp:term":[{"taxonomy":"category","embeddable":true,"href":"https:\/\/kelmiskiams.lt\/index.php?rest_route=%2Fwp%2Fv2%2Fcategories&post=1178"},{"taxonomy":"post_tag","embeddable":true,"href":"https:\/\/kelmiskiams.lt\/index.php?rest_route=%2Fwp%2Fv2%2Ftags&post=1178"}],"curies":[{"name":"wp","href":"https:\/\/api.w.org\/{rel}","templated":true}]}}