{"id":1124,"date":"2023-02-15T09:46:27","date_gmt":"2023-02-15T09:46:27","guid":{"rendered":"https:\/\/kelmiskiams.lt\/?p=1124"},"modified":"2023-02-15T09:46:48","modified_gmt":"2023-02-15T09:46:48","slug":"kelmeje-plazda-didziausia-rajone-trispalve","status":"publish","type":"post","link":"https:\/\/kelmiskiams.lt\/?p=1124","title":{"rendered":"Kelm\u0117je plazda did\u017eiausia rajone trispalv\u0117"},"content":{"rendered":"\n<p>Tre\u010diadienio ryt\u0105 Kelm\u0117s mieste i\u0161kelta 135 kvadratini\u0173 metr\u0173 v\u0117liava. Trispalv\u0117, kuri\u0105 pagamino Kelm\u0117s profesinio rengimo centro bendruomen\u0117, suplev\u0117savo ant UAB \u201eKelm\u0117s vanduo\u201c bok\u0161to. Id\u0117ja pasi\u016bti didel\u0119 v\u0117liav\u0105 ir j\u0105 perduoti UAB \u201eKelm\u0117s vanduo\u201c, kad b\u016bt\u0173 i\u0161kelta ant vandentiekio bok\u0161to, dar vasar\u0105 gim\u0117 mokyklos direktoriui Mindaugui \u010cerkauskui. \u012esp\u016bdingo dyd\u017eio trispalv\u0117s i\u0161k\u0117limu prasid\u0117jo 105-\u0173j\u0173 Valstyb\u0117s atk\u016brimo metini\u0173 renginiai rajone. <\/p>\n\n\n\n<p class=\"has-text-align-right\">\u201eKelmi\u0161kiams.lt\u201c inf., UAB \u201eKelm\u0117s vanduo\u201c nuotr.<\/p>\n","protected":false},"excerpt":{"rendered":"<p>Tre\u010diadienio ryt\u0105 Kelm\u0117s mieste i\u0161kelta 135 kvadratini\u0173 metr\u0173 v\u0117liava. Trispalv\u0117, kuri\u0105 pagamino Kelm\u0117s profesinio rengimo centro bendruomen\u0117, suplev\u0117savo ant UAB<\/p>\n","protected":false},"author":2,"featured_media":1125,"comment_status":"open","ping_status":"open","sticky":false,"template":"","format":"standard","meta":{"om_disable_all_campaigns":false,"_mi_skip_tracking":false},"categories":[4],"tags":[],"aioseo_notices":[],"_links":{"self":[{"href":"https:\/\/kelmiskiams.lt\/index.php?rest_route=\/wp\/v2\/posts\/1124"}],"collection":[{"href":"https:\/\/kelmiskiams.lt\/index.php?rest_route=\/wp\/v2\/posts"}],"about":[{"href":"https:\/\/kelmiskiams.lt\/index.php?rest_route=\/wp\/v2\/types\/post"}],"author":[{"embeddable":true,"href":"https:\/\/kelmiskiams.lt\/index.php?rest_route=\/wp\/v2\/users\/2"}],"replies":[{"embeddable":true,"href":"https:\/\/kelmiskiams.lt\/index.php?rest_route=%2Fwp%2Fv2%2Fcomments&post=1124"}],"version-history":[{"count":1,"href":"https:\/\/kelmiskiams.lt\/index.php?rest_route=\/wp\/v2\/posts\/1124\/revisions"}],"predecessor-version":[{"id":1126,"href":"https:\/\/kelmiskiams.lt\/index.php?rest_route=\/wp\/v2\/posts\/1124\/revisions\/1126"}],"wp:featuredmedia":[{"embeddable":true,"href":"https:\/\/kelmiskiams.lt\/index.php?rest_route=\/wp\/v2\/media\/1125"}],"wp:attachment":[{"href":"https:\/\/kelmiskiams.lt\/index.php?rest_route=%2Fwp%2Fv2%2Fmedia&parent=1124"}],"wp:term":[{"taxonomy":"category","embeddable":true,"href":"https:\/\/kelmiskiams.lt\/index.php?rest_route=%2Fwp%2Fv2%2Fcategories&post=1124"},{"taxonomy":"post_tag","embeddable":true,"href":"https:\/\/kelmiskiams.lt\/index.php?rest_route=%2Fwp%2Fv2%2Ftags&post=1124"}],"curies":[{"name":"wp","href":"https:\/\/api.w.org\/{rel}","templated":true}]}}