{"id":1116,"date":"2023-02-14T10:20:15","date_gmt":"2023-02-14T10:20:15","guid":{"rendered":"https:\/\/kelmiskiams.lt\/?p=1116"},"modified":"2023-02-14T10:20:16","modified_gmt":"2023-02-14T10:20:16","slug":"studentai-viliojami-grizti-i-rajona","status":"publish","type":"post","link":"https:\/\/kelmiskiams.lt\/?p=1116","title":{"rendered":"Studentai viliojami gr\u012f\u017eti \u012f rajon\u0105"},"content":{"rendered":"\n<p>Kiekvienais metais savivaldyb\u0117 sudaro tr\u016bkstam\u0173 specialist\u0173 ir programos remiam\u0173 specialybi\u0173 s\u0105ra\u0161\u0105, kur\u012f tvirtina Kelm\u0117s rajono savivaldyb\u0117s taryba. Pasak Socialin\u0117s paramos skyriaus ved\u0117jos Redos Ka\u017edailien\u0117s, specialyb\u0117s reikalingum\u0105 pateikia rajono savivaldyb\u0117s \u012fstaigos, \u012fmon\u0117s ar kitos organizacijos, kurios garantuoja specialisto \u012fdarbinim\u0105 baigus studijas.<\/p>\n\n\n\n<p>\u0160iemet Savivaldybei pra\u0161ymus apie tr\u016bkstamus darbuotojus pateik\u0117 9 \u012fstaigos. Daugiausiai tr\u016bkstam\u0173 specialist\u0173 nor\u0117t\u0173 sveikatos prie\u017ei\u016bras teikian\u010dios rajono \u012fstaigos \u2013 Kelm\u0117s ligonin\u0117, Kelm\u0117s rajono bendrosios praktikos gydytoj\u0173 centras, Kelm\u0117s rajono pirmin\u0117s sveikatos prie\u017ei\u016bros centras, \u0160auk\u0117n\u0173 ambulatorija. Specialist\u0173 tr\u016bksta ir &nbsp;Kelm\u0117s kult\u016bros centre, Kelm\u0117s \u201eKra\u017eant\u0117s\u201c progimnazijoje, Kelm\u0117s rajono Kra\u017ei\u0173 \u017dygimanto Liauksmino gimnazijoje, Kelm\u0117s rajono vaiko ir \u0161eimos gerov\u0117s centre, Kra\u017ei\u0173 Motiejaus Kazimiero Sarbievijaus kult\u016bros centre.<\/p>\n\n\n\n<p>Be \u012fvairi\u0173 gydytoj\u0173 specialist\u0173 ir slaugytoj\u0173, kurie yra itin laukiami rajono sveikatos prie\u017ei\u016bros \u012fstaigose, rajone tr\u016bksta pradini\u0173 klasi\u0173, angl\u0173, biologijos ir choreografijos mokytoj\u0173, socialini\u0173 darbuotoj\u0173, meno kolektyv\u0173 vadov\u0173, elektrik\u0173, garso ir ap\u0161vietimo technik\u0173.<\/p>\n\n\n\n<p>\u0160iemet Kelm\u0117s rajono studentams (reikaling\u0173 specialybi\u0173), kurie pasira\u0161ys sutartis gr\u012f\u017eti dirbti \u012f rajon\u0105, studij\u0173 r\u0117mimo programoje numatyta skirti 13 700\u00a0Eur\u0173.<\/p>\n\n\n\n<p class=\"has-text-align-right\">\u201eKelmi\u0161kiams.lt\u201c inf.<\/p>\n","protected":false},"excerpt":{"rendered":"<p>Kiekvienais metais savivaldyb\u0117 sudaro tr\u016bkstam\u0173 specialist\u0173 ir programos remiam\u0173 specialybi\u0173 s\u0105ra\u0161\u0105, kur\u012f tvirtina Kelm\u0117s rajono savivaldyb\u0117s taryba. Pasak Socialin\u0117s paramos<\/p>\n","protected":false},"author":2,"featured_media":696,"comment_status":"open","ping_status":"open","sticky":false,"template":"","format":"standard","meta":{"om_disable_all_campaigns":false,"_mi_skip_tracking":false},"categories":[4],"tags":[],"aioseo_notices":[],"_links":{"self":[{"href":"https:\/\/kelmiskiams.lt\/index.php?rest_route=\/wp\/v2\/posts\/1116"}],"collection":[{"href":"https:\/\/kelmiskiams.lt\/index.php?rest_route=\/wp\/v2\/posts"}],"about":[{"href":"https:\/\/kelmiskiams.lt\/index.php?rest_route=\/wp\/v2\/types\/post"}],"author":[{"embeddable":true,"href":"https:\/\/kelmiskiams.lt\/index.php?rest_route=\/wp\/v2\/users\/2"}],"replies":[{"embeddable":true,"href":"https:\/\/kelmiskiams.lt\/index.php?rest_route=%2Fwp%2Fv2%2Fcomments&post=1116"}],"version-history":[{"count":1,"href":"https:\/\/kelmiskiams.lt\/index.php?rest_route=\/wp\/v2\/posts\/1116\/revisions"}],"predecessor-version":[{"id":1117,"href":"https:\/\/kelmiskiams.lt\/index.php?rest_route=\/wp\/v2\/posts\/1116\/revisions\/1117"}],"wp:featuredmedia":[{"embeddable":true,"href":"https:\/\/kelmiskiams.lt\/index.php?rest_route=\/wp\/v2\/media\/696"}],"wp:attachment":[{"href":"https:\/\/kelmiskiams.lt\/index.php?rest_route=%2Fwp%2Fv2%2Fmedia&parent=1116"}],"wp:term":[{"taxonomy":"category","embeddable":true,"href":"https:\/\/kelmiskiams.lt\/index.php?rest_route=%2Fwp%2Fv2%2Fcategories&post=1116"},{"taxonomy":"post_tag","embeddable":true,"href":"https:\/\/kelmiskiams.lt\/index.php?rest_route=%2Fwp%2Fv2%2Ftags&post=1116"}],"curies":[{"name":"wp","href":"https:\/\/api.w.org\/{rel}","templated":true}]}}