{"id":1109,"date":"2023-02-13T08:17:19","date_gmt":"2023-02-13T08:17:19","guid":{"rendered":"https:\/\/kelmiskiams.lt\/?p=1109"},"modified":"2023-02-13T08:17:19","modified_gmt":"2023-02-13T08:17:19","slug":"valstybes-atkurimo-dienai-skirti-renginiai-rajone","status":"publish","type":"post","link":"https:\/\/kelmiskiams.lt\/?p=1109","title":{"rendered":"Valstyb\u0117s atk\u016brimo dienai skirti renginiai rajone"},"content":{"rendered":"\n<p>Valstyb\u0117s dienai skirti renginiai \u012fvairiose rajono vietov\u0117se prasid\u0117s jau tre\u010diadien\u012f \u2013 vasario 15 dien\u0105. T\u0105dien prie Kelm\u0117s vandens bok\u0161to vyks i\u0161kilminga trispalv\u0117s pak\u0117limo ceremonija. Ant bok\u0161to suplev\u0117suos 135 kvadratini\u0173 metr\u0173 v\u0117liava, kuri\u0105 pagamino Kelm\u0117s profesinio rengimo centro bendruomen\u0117.<\/p>\n\n\n\n<p>Vasario 16-osios vidurdien\u012f Kelm\u0117s kra\u0161to muziejaus kiemelyje kelmi\u0161kiai ir miesto sve\u010diai kvie\u010diami \u012f i\u0161kilming\u0105 Valstyb\u0117s v\u0117liavos pak\u0117limo ceremonij\u0105, o po jos \u2013 \u012f kilnojam\u0105j\u0105 parod\u0105 \u201eO skambink per am\u017eius vaikams Lietuvos&#8230;\u201c. Kelm\u0117s kra\u0161to muziejuje taip pat bus apdovanoti ra\u0161tingiausio rajono mokinio konkurso nugal\u0117tojai ir diplomantai, pasirodys muzikin\u0117 grup\u0117 DARS ir Kelm\u0117s kult\u016bros centro m\u0117g\u0117j\u0173 teatro kolektyvas \u201e(Ne)Takti\u0161ki\u201c.<\/p>\n\n\n\n<p>Kra\u017ei\u0173 M. K. Sarbievijaus kult\u016bros centre vasario 16-osios vakar\u0105 vyks romans\u0173 vakaras \u201eDainuoju Lietuvai\u201c. Koncertin\u0119 program\u0105 atliks Joni\u0161kio kult\u016bros centro Gas\u010di\u016bn\u0173 skyriaus vokalinis ansamblis ir&nbsp; Rudi\u0161ki\u0173 skyriaus vyr\u0173 duetas bei duetas \u201eGitaros vakarai\u201c i\u0161 Pakruojo rajono Lygum\u0173 kult\u016bros nam\u0173.<\/p>\n\n\n\n<p>Tytuv\u0117nuose Valstyb\u0117s atk\u016brimo dienos \u0161vent\u0117 prasid\u0117s \u0161v. Mi\u0161iomis, o po j\u0173 Tytuv\u0117n\u0173 vienuolyno refektorin\u0117je sal\u0117je vyks Linkuvos (Pakruojo rajonas) kult\u016bros centro kolektyv\u0173 koncertas \u201eIlgu ilgu ant mano svieto\u201c.<\/p>\n\n\n\n<p>U\u017eventyje Vasario 16-oji taip pat pasid\u0117s \u0161v. Mi\u0161iomis U\u017even\u010dio kapini\u0173 koply\u010dioje, o vidurdien\u012f miesto bei apylinki\u0173 gyventojai ir sve\u010diai kvie\u010diami \u012f U\u017even\u010dio kra\u0161totyros muziejuje dokument\u0173 parodos ir A. Gragaravi\u010diaus knygos \u201eJonas Smilgevi\u010dius \u2013 kitoks signataras\u201c&nbsp; pristatym\u0105 bei teatralizuot\u0105 pasirodym\u0105 \u201eLietuvi\u0161k\u0173 romans\u0173 vainikas\u201c.<\/p>\n\n\n\n<p class=\"has-text-align-right\">\u201eKelmi\u0161kiams.lt\u201c inf., Kelm\u0117s profesinio rengimo centro nuotr.<\/p>\n","protected":false},"excerpt":{"rendered":"<p>Valstyb\u0117s dienai skirti renginiai \u012fvairiose rajono vietov\u0117se prasid\u0117s jau tre\u010diadien\u012f \u2013 vasario 15 dien\u0105. T\u0105dien prie Kelm\u0117s vandens bok\u0161to vyks<\/p>\n","protected":false},"author":2,"featured_media":884,"comment_status":"open","ping_status":"open","sticky":false,"template":"","format":"standard","meta":{"om_disable_all_campaigns":false,"_mi_skip_tracking":false},"categories":[7,5],"tags":[],"aioseo_notices":[],"_links":{"self":[{"href":"https:\/\/kelmiskiams.lt\/index.php?rest_route=\/wp\/v2\/posts\/1109"}],"collection":[{"href":"https:\/\/kelmiskiams.lt\/index.php?rest_route=\/wp\/v2\/posts"}],"about":[{"href":"https:\/\/kelmiskiams.lt\/index.php?rest_route=\/wp\/v2\/types\/post"}],"author":[{"embeddable":true,"href":"https:\/\/kelmiskiams.lt\/index.php?rest_route=\/wp\/v2\/users\/2"}],"replies":[{"embeddable":true,"href":"https:\/\/kelmiskiams.lt\/index.php?rest_route=%2Fwp%2Fv2%2Fcomments&post=1109"}],"version-history":[{"count":2,"href":"https:\/\/kelmiskiams.lt\/index.php?rest_route=\/wp\/v2\/posts\/1109\/revisions"}],"predecessor-version":[{"id":1111,"href":"https:\/\/kelmiskiams.lt\/index.php?rest_route=\/wp\/v2\/posts\/1109\/revisions\/1111"}],"wp:featuredmedia":[{"embeddable":true,"href":"https:\/\/kelmiskiams.lt\/index.php?rest_route=\/wp\/v2\/media\/884"}],"wp:attachment":[{"href":"https:\/\/kelmiskiams.lt\/index.php?rest_route=%2Fwp%2Fv2%2Fmedia&parent=1109"}],"wp:term":[{"taxonomy":"category","embeddable":true,"href":"https:\/\/kelmiskiams.lt\/index.php?rest_route=%2Fwp%2Fv2%2Fcategories&post=1109"},{"taxonomy":"post_tag","embeddable":true,"href":"https:\/\/kelmiskiams.lt\/index.php?rest_route=%2Fwp%2Fv2%2Ftags&post=1109"}],"curies":[{"name":"wp","href":"https:\/\/api.w.org\/{rel}","templated":true}]}}